{"id":25524,"date":"2025-06-19T11:47:48","date_gmt":"2025-06-19T14:47:48","guid":{"rendered":"https:\/\/sabuguinho.com.br\/site\/?p=25524"},"modified":"2025-06-19T11:47:48","modified_gmt":"2025-06-19T14:47:48","slug":"hernan-crespo-e-anunciado-como-novo-tecnico-do-sao-paulo","status":"publish","type":"post","link":"https:\/\/sabuguinho.com.br\/site\/hernan-crespo-e-anunciado-como-novo-tecnico-do-sao-paulo\/","title":{"rendered":"Hern\u00e1n Crespo \u00e9 anunciado como novo t\u00e9cnico do S\u00e3o Paulo"},"content":{"rendered":"<p>O S\u00e3o Paulo anunciou na tarde desta quarta-feira o retorno de Hern\u00e1n Crespo ao comando do clube. O contrato ser\u00e1 v\u00e1lido at\u00e9 o fim de 2026.<br \/>\nO argentino, que conquistou o Paulist\u00e3o pela equipe em 2021, em sua primeira passagem, estava livre no mercado depois de deixar o Al Ain, dos Emirados \u00c1rabes, no fim do ano passado.<\/p>\n<p>\u2013 Ol\u00e1, fam\u00edlia tricolor. Estou muito feliz e orgulhoso de voltar para o S\u00e3o Paulo, com muita vontade de ver o Morumbis lotado. Nos vemos em breve. Vamos, S\u00e3o Paulo \u2013 disse Crespo, em v\u00eddeo publicado pelo clube em uma rede social.<br \/>\nCrespo \u00e9 anunciado como novo t\u00e9cnico do S\u00e3o Paulo (Foto: Divulga\u00e7\u00e3o)<br \/>\nAo lado do treinador de 49 anos, tamb\u00e9m retornam o auxiliar Juan Branda e o preparador de goleiros Gustavo Nepote. A comiss\u00e3o t\u00e9cnica ser\u00e1 composta ainda pelo auxiliar V\u00edctor L\u00f3pez e pelos preparadores f\u00edsicos Federico Martinetti e Leandro Paz.<\/p>\n<p>\u2013 A rela\u00e7\u00e3o que foi constru\u00edda entre Crespo e S\u00e3o Paulo na primeira passagem do treinador deixou alicerces firmes de respeito e admira\u00e7\u00e3o m\u00fatuos. Ele \u00e9 um grande profissional, que j\u00e1 conhece o clube, conquistou um t\u00edtulo aqui e chegou o momento de ele retornar. Estamos satisfeitos em concretizar essa volta \u2013 afirmou o presidente Julio Casares ao site oficial.<br \/>\nA volta do treinador foi oficializada com a sa\u00edda de seu compatriota Luis Zubeld\u00eda, que entregou o cargo ap\u00f3s acumular resultados ruins no Brasileir\u00e3o e por entender que n\u00e3o havia como mudar o panorama do Tricolor neste momento.<br \/>\nCrespo passou pelo clube em 2021 e teve um trabalho marcante com o t\u00edtulo paulista daquele ano, encerrando um jejum de oito anos da equipe. No total, foram 53 jogos, 24 vit\u00f3rias, 19 empates e dez derrotas<br \/>\nNa primeira passagem pelo S\u00e3o Paulo, o treinador deixou o clube justamente pelo mau in\u00edcio no Brasileir\u00e3o daquele ano, quando a primeira vit\u00f3ria aconteceu apenas na d\u00e9cima rodada. Al\u00e9m do Brasileir\u00e3o, o time foi eliminado da Libertadores pelo Palmeiras e da Copa do Brasil para o Fortaleza.<br \/>\nA tend\u00eancia \u00e9 que o treinador chegue ao Brasil na pr\u00f3xima semana. O elenco se reapresenta dia 26.<br \/>\nO S\u00e3o Paulo est\u00e1 classificado para as oitavas da Libertadores e da Copa do Brasil, mas vive situa\u00e7\u00e3o delicada no Brasileir\u00e3o. A equipe tem apenas 12 pontos em 12 jogos disputados e est\u00e1 em 14\u00ba lugar, a apenas um ponto da zona de rebaixamento.<\/p>\n<p>Fonte: G1<\/p>\n","protected":false},"excerpt":{"rendered":"<p>O S\u00e3o Paulo anunciou na tarde desta quarta-feira o retorno de Hern\u00e1n Crespo ao comando do clube. O contrato ser\u00e1 v\u00e1lido at\u00e9 o fim de 2026. O argentino, que conquistou o Paulist\u00e3o pela equipe em 2021, em sua primeira passagem, estava livre no mercado depois de deixar o Al Ain, dos Emirados \u00c1rabes, no fim [&hellip;]<\/p>\n","protected":false},"author":2,"featured_media":25525,"comment_status":"open","ping_status":"open","sticky":false,"template":"","format":"standard","meta":{"footnotes":""},"categories":[45],"tags":[],"class_list":["post-25524","post","type-post","status-publish","format-standard","has-post-thumbnail","hentry","category-esportes"],"_links":{"self":[{"href":"https:\/\/sabuguinho.com.br\/site\/wp-json\/wp\/v2\/posts\/25524","targetHints":{"allow":["GET"]}}],"collection":[{"href":"https:\/\/sabuguinho.com.br\/site\/wp-json\/wp\/v2\/posts"}],"about":[{"href":"https:\/\/sabuguinho.com.br\/site\/wp-json\/wp\/v2\/types\/post"}],"author":[{"embeddable":true,"href":"https:\/\/sabuguinho.com.br\/site\/wp-json\/wp\/v2\/users\/2"}],"replies":[{"embeddable":true,"href":"https:\/\/sabuguinho.com.br\/site\/wp-json\/wp\/v2\/comments?post=25524"}],"version-history":[{"count":1,"href":"https:\/\/sabuguinho.com.br\/site\/wp-json\/wp\/v2\/posts\/25524\/revisions"}],"predecessor-version":[{"id":25526,"href":"https:\/\/sabuguinho.com.br\/site\/wp-json\/wp\/v2\/posts\/25524\/revisions\/25526"}],"wp:featuredmedia":[{"embeddable":true,"href":"https:\/\/sabuguinho.com.br\/site\/wp-json\/wp\/v2\/media\/25525"}],"wp:attachment":[{"href":"https:\/\/sabuguinho.com.br\/site\/wp-json\/wp\/v2\/media?parent=25524"}],"wp:term":[{"taxonomy":"category","embeddable":true,"href":"https:\/\/sabuguinho.com.br\/site\/wp-json\/wp\/v2\/categories?post=25524"},{"taxonomy":"post_tag","embeddable":true,"href":"https:\/\/sabuguinho.com.br\/site\/wp-json\/wp\/v2\/tags?post=25524"}],"curies":[{"name":"wp","href":"https:\/\/api.w.org\/{rel}","templated":true}]}}