{"id":25514,"date":"2025-06-18T20:33:04","date_gmt":"2025-06-18T23:33:04","guid":{"rendered":"https:\/\/sabuguinho.com.br\/site\/?p=25514"},"modified":"2025-06-18T20:33:04","modified_gmt":"2025-06-18T23:33:04","slug":"moraes-manda-prender-marcelo-camara-ex-assessor-de-bolsonaro","status":"publish","type":"post","link":"https:\/\/sabuguinho.com.br\/site\/moraes-manda-prender-marcelo-camara-ex-assessor-de-bolsonaro\/","title":{"rendered":"Moraes manda prender Marcelo C\u00e2mara, ex-assessor de Bolsonaro"},"content":{"rendered":"<p>O ministro Alexandre de Moraes, do Supremo Tribunal Federal (STF), determinou neta quarta-feira (18) a pris\u00e3o de Marcelo C\u00e2mara, um dos r\u00e9us da trama golpista e ex-assessor do ex-presidente da Rep\u00fablica Jair Bolsonaro.<br \/>\nSegundo Moraes, C\u00e2mara descumpriu uma medida cautelar que o proibia de usar redes sociais, mesmo com a intermedia\u00e7\u00e3o de advogados. Ontem, o advogado de C\u00e2mara, Eduardo Kuntz, informou ao Supremo que foi procurado pelo ex-ajudante de ordens de Jair Bolsonaro, Mauro Cid, por meio das redes sociais e que eles interagiram.<br \/>\n\u201cAs condutas noticiadas indicam que o r\u00e9u e seu procurador tentaram obter os dados sigilosos relativos ao acordo de colabora\u00e7\u00e3o premiada, por meio de conversas realizadas pelo Instagram e por meio de contatos pessoais na Sociedade H\u00edpica de Bras\u00edlia, no per\u00edodo em que o r\u00e9u Marcelo Costa Camara estava preso [primeira pris\u00e3o]\u201d, afirmou Moraes.<br \/>\nNa decis\u00e3o, Moraes disse que o defensor \u201ctransbordou ilicitamente das obriga\u00e7\u00f5es legais de advogado\u201d  e considerou \u201cgrav\u00edssima\u201d a poss\u00edvel tentativa de obstru\u00e7\u00e3o da investiga\u00e7\u00e3o da trama golpista.<br \/>\nO ministro tamb\u00e9m determinou a abertura de um inqu\u00e9rito para investigar o advogado e o r\u00e9u.<br \/>\nDe acordo com o STF, a Pol\u00edcia Federal (PF) j\u00e1 cumpriu o mandado de pris\u00e3o.<\/p>\n<p>Anula\u00e7\u00e3o<\/p>\n<p>A pris\u00e3o de Marcelo C\u00e2mara ocorre ap\u00f3s o advogado dele trocar mensagens com Mauro Cid e pedir ao STF a anula\u00e7\u00e3o da dela\u00e7\u00e3o do ex-ajudante de ordens.<br \/>\nKuntz afirmou que foi procurado por Cid no dia 29 de janeiro de 2023, por meio do perfil Gabrielar702, no Instagram, disse que j\u00e1 conhecia o militar e aceitou conversar com ele porque achou que tratava-se um uma poss\u00edvel contrata\u00e7\u00e3o de seus servi\u00e7os.<br \/>\nPara confirmar que se tratava do ex-ajudante de ordens de Bolsonaro, o defensor pediu que Cid enviasse uma foto.<br \/>\nAo reconhecer o militar, a conversa se desenrolou, e o advogado passou a perguntar se houve press\u00e3o para delatar e se os depoimentos foram gravados.<br \/>\nSegundo Kuntz, Mauro Cid aproveitou para \u201cdesabafar\u201d sobre os depoimentos de dela\u00e7\u00e3o prestados \u00e0 Pol\u00edcia Federal.<br \/>\nEm uma das conversas, Cid disse ao advogado que os investigadores da PF queriam \u201ccolocar palavras na boca dele\u201d.  Segundo o militar, os delegados buscavam que ele falasse a palavra golpe .<br \/>\n\u201cV\u00e1rias vezes eles queriam colocar palavras na minha boca. E eu pedia para trocar. Foram tr\u00eas dias seguidos. Um deles foi naquele grande depoimento sobre as joias. Acho que foram cinco anexos. Eles toda hora queriam jogar para o lado do golpe. E eu falava para trocar porque n\u00e3o era aquilo que tinha dito. E eu fui bem claro l\u00e1. PR [Bolsonaro] n\u00e3o iria dar golpe nenhum. Queria sempre me conduzir a falar a palavra golpe. Tanto que tive o cuidado de n\u00e3o usar essa palavra\u201d, afirmou.<br \/>\nNo entendimento de Eduardo Kuntz, a fala de Mauro Cid revela que os depoimentos de dela\u00e7\u00e3o n\u00e3o foram volunt\u00e1rios e devem ser anulados pelo ministro Alexandre de Moraes, relator do processo da trama golpista.<\/p>\n<p>Interrogat\u00f3rio<\/p>\n<p>Na semana passada, ao ser interrogado por Alexandre de Moares, Mauro Cid foi perguntado pela defesa de Jair Bolsonaro se tinha conhecimento sobre os perfis @gabrielar702 e Gabriela R, no Instagram, que s\u00e3o identificados com mesmo nome da esposa do militar, Gabriela Cid.<br \/>\nEle respondeu que n\u00e3o sabia se o perfil era de sua esposa e afirmou que n\u00e3o usou redes sociais para se comunicar com outros investigados.<br \/>\nOs advogados do ex-presidente levantaram a suspeita de que Cid usou o perfil para vazar informa\u00e7\u00f5es de seus depoimentos de dela\u00e7\u00e3o. <\/p>\n<p>Fonte: Ag\u00eancia Brasil \u2013 Foto: Marcello Casal Jr.\/Ag\u00eancia Brasil<\/p>\n","protected":false},"excerpt":{"rendered":"<p>O ministro Alexandre de Moraes, do Supremo Tribunal Federal (STF), determinou neta quarta-feira (18) a pris\u00e3o de Marcelo C\u00e2mara, um dos r\u00e9us da trama golpista e ex-assessor do ex-presidente da Rep\u00fablica Jair Bolsonaro. Segundo Moraes, C\u00e2mara descumpriu uma medida cautelar que o proibia de usar redes sociais, mesmo com a intermedia\u00e7\u00e3o de advogados. Ontem, o [&hellip;]<\/p>\n","protected":false},"author":2,"featured_media":25515,"comment_status":"open","ping_status":"open","sticky":false,"template":"","format":"standard","meta":{"footnotes":""},"categories":[61],"tags":[],"class_list":["post-25514","post","type-post","status-publish","format-standard","has-post-thumbnail","hentry","category-geral"],"_links":{"self":[{"href":"https:\/\/sabuguinho.com.br\/site\/wp-json\/wp\/v2\/posts\/25514","targetHints":{"allow":["GET"]}}],"collection":[{"href":"https:\/\/sabuguinho.com.br\/site\/wp-json\/wp\/v2\/posts"}],"about":[{"href":"https:\/\/sabuguinho.com.br\/site\/wp-json\/wp\/v2\/types\/post"}],"author":[{"embeddable":true,"href":"https:\/\/sabuguinho.com.br\/site\/wp-json\/wp\/v2\/users\/2"}],"replies":[{"embeddable":true,"href":"https:\/\/sabuguinho.com.br\/site\/wp-json\/wp\/v2\/comments?post=25514"}],"version-history":[{"count":1,"href":"https:\/\/sabuguinho.com.br\/site\/wp-json\/wp\/v2\/posts\/25514\/revisions"}],"predecessor-version":[{"id":25516,"href":"https:\/\/sabuguinho.com.br\/site\/wp-json\/wp\/v2\/posts\/25514\/revisions\/25516"}],"wp:featuredmedia":[{"embeddable":true,"href":"https:\/\/sabuguinho.com.br\/site\/wp-json\/wp\/v2\/media\/25515"}],"wp:attachment":[{"href":"https:\/\/sabuguinho.com.br\/site\/wp-json\/wp\/v2\/media?parent=25514"}],"wp:term":[{"taxonomy":"category","embeddable":true,"href":"https:\/\/sabuguinho.com.br\/site\/wp-json\/wp\/v2\/categories?post=25514"},{"taxonomy":"post_tag","embeddable":true,"href":"https:\/\/sabuguinho.com.br\/site\/wp-json\/wp\/v2\/tags?post=25514"}],"curies":[{"name":"wp","href":"https:\/\/api.w.org\/{rel}","templated":true}]}}