{"id":25471,"date":"2025-06-18T15:01:14","date_gmt":"2025-06-18T18:01:14","guid":{"rendered":"https:\/\/sabuguinho.com.br\/site\/?p=25471"},"modified":"2025-06-18T15:01:14","modified_gmt":"2025-06-18T18:01:14","slug":"rua-minas-gerais-ganha-sentido-unico-entre-avenida-misael-euphrasio-e-bairro-alto","status":"publish","type":"post","link":"https:\/\/sabuguinho.com.br\/site\/rua-minas-gerais-ganha-sentido-unico-entre-avenida-misael-euphrasio-e-bairro-alto\/","title":{"rendered":"Rua Minas Gerais ganha sentido \u00fanico entre Avenida Misael Euphrasio e Bairro Alto"},"content":{"rendered":"<p>Circula\u00e7\u00e3o de ve\u00edculos no trecho agora \u00e9 unicamente no sentido centro\/bairro<\/p>\n<p>Por: REDA\u00c7\u00c3O | SECOM.<\/p>\n<p>A Rua Minas Gerais passou a ter sentido \u00fanico no trecho entre a Avenida Prefeito Misael Euphrasio Leal at\u00e9 o in\u00edcio da Avenida Carlos Ramires, no Bairro Alto.<br \/>\nCom a mudan\u00e7a, a circula\u00e7\u00e3o de ve\u00edculos ficou estabelecida unicamente no sentido centro\/bairro.<br \/>\nA Secretaria Municipal de Transportes e Mobilidade Urbana afirma que a altera\u00e7\u00e3o vai melhorar o tr\u00e2nsito na regi\u00e3o.<br \/>\n\u201cA proposta \u00e9 dar prioridade ao escoamento do tr\u00e1fego em dire\u00e7\u00e3o aos bairros, diminuindo o fluxo de ve\u00edculos no cruzamento com a Avenida Misael Euphrasio Leal\u201d, explica a pasta.<\/p>\n","protected":false},"excerpt":{"rendered":"<p>Circula\u00e7\u00e3o de ve\u00edculos no trecho agora \u00e9 unicamente no sentido centro\/bairro Por: REDA\u00c7\u00c3O | SECOM. A Rua Minas Gerais passou a ter sentido \u00fanico no trecho entre a Avenida Prefeito Misael Euphrasio Leal at\u00e9 o in\u00edcio da Avenida Carlos Ramires, no Bairro Alto. Com a mudan\u00e7a, a circula\u00e7\u00e3o de ve\u00edculos ficou estabelecida unicamente no sentido [&hellip;]<\/p>\n","protected":false},"author":2,"featured_media":25472,"comment_status":"open","ping_status":"open","sticky":false,"template":"","format":"standard","meta":{"footnotes":""},"categories":[58],"tags":[],"class_list":["post-25471","post","type-post","status-publish","format-standard","has-post-thumbnail","hentry","category-noticias-locais"],"_links":{"self":[{"href":"https:\/\/sabuguinho.com.br\/site\/wp-json\/wp\/v2\/posts\/25471","targetHints":{"allow":["GET"]}}],"collection":[{"href":"https:\/\/sabuguinho.com.br\/site\/wp-json\/wp\/v2\/posts"}],"about":[{"href":"https:\/\/sabuguinho.com.br\/site\/wp-json\/wp\/v2\/types\/post"}],"author":[{"embeddable":true,"href":"https:\/\/sabuguinho.com.br\/site\/wp-json\/wp\/v2\/users\/2"}],"replies":[{"embeddable":true,"href":"https:\/\/sabuguinho.com.br\/site\/wp-json\/wp\/v2\/comments?post=25471"}],"version-history":[{"count":1,"href":"https:\/\/sabuguinho.com.br\/site\/wp-json\/wp\/v2\/posts\/25471\/revisions"}],"predecessor-version":[{"id":25473,"href":"https:\/\/sabuguinho.com.br\/site\/wp-json\/wp\/v2\/posts\/25471\/revisions\/25473"}],"wp:featuredmedia":[{"embeddable":true,"href":"https:\/\/sabuguinho.com.br\/site\/wp-json\/wp\/v2\/media\/25472"}],"wp:attachment":[{"href":"https:\/\/sabuguinho.com.br\/site\/wp-json\/wp\/v2\/media?parent=25471"}],"wp:term":[{"taxonomy":"category","embeddable":true,"href":"https:\/\/sabuguinho.com.br\/site\/wp-json\/wp\/v2\/categories?post=25471"},{"taxonomy":"post_tag","embeddable":true,"href":"https:\/\/sabuguinho.com.br\/site\/wp-json\/wp\/v2\/tags?post=25471"}],"curies":[{"name":"wp","href":"https:\/\/api.w.org\/{rel}","templated":true}]}}