{"id":25428,"date":"2025-06-18T11:32:39","date_gmt":"2025-06-18T14:32:39","guid":{"rendered":"https:\/\/sabuguinho.com.br\/site\/?p=25428"},"modified":"2025-06-18T11:32:39","modified_gmt":"2025-06-18T14:32:39","slug":"feira-da-lua-acontece-nesta-quinta-19-e-sexta-20-com-arrecadacao-de-agasalhos","status":"publish","type":"post","link":"https:\/\/sabuguinho.com.br\/site\/feira-da-lua-acontece-nesta-quinta-19-e-sexta-20-com-arrecadacao-de-agasalhos\/","title":{"rendered":"Feira da Lua acontece nesta quinta, 19, e sexta, 20, com arrecada\u00e7\u00e3o de agasalhos"},"content":{"rendered":"<p>Evento tem edi\u00e7\u00e3o especial devido ao feriado de Corpus Christi<\/p>\n<p>Por: REDA\u00c7\u00c3O | SECOM.<\/p>\n<p>O Fundo Social de Solidariedade vai arrecadar agasalhos durante a edi\u00e7\u00e3o especial da Feira da Lua que acontece nesta quinta-feira, 19, e sexta, 20.<br \/>\nRealizado tradicionalmente toda sexta-feira na Concha Ac\u00fastica, o evento teve sua data alterada devido ao feriado de Corpus Christi.<br \/>\nO p\u00fablico poder\u00e1 contribuir com doa\u00e7\u00f5es enquanto aproveita a tradicional feira avareense, que re\u00fane gastronomia e atra\u00e7\u00f5es culturais no centro da cidade.<br \/>\nO objetivo do Fundo Social \u00e9 refor\u00e7ar a Campanha do Agasalho por meio do recolhimento de roupas, cobertores e cal\u00e7ados em bom estado.<br \/>\nOs donativos ser\u00e3o destinados a fam\u00edlias em situa\u00e7\u00e3o de vulnerabilidade social acompanhadas pelo \u00f3rg\u00e3o assistencial do munic\u00edpio.<br \/>\nO Fundo Social de Solidariedade atende na Rua Rio Grande do Sul, n\u00ba 1842. Mais informa\u00e7\u00f5es sobre esta ou outras iniciativas sociais podem ser obtidas pelo telefone (14) 3731-2658.<\/p>\n<p>Saiba mais<\/p>\n<p>A Feira da Lua \u00e9 um evento noturno realizado na Pra\u00e7a Prefeito Romeu Bretas, regi\u00e3o central de Avar\u00e9.<br \/>\nA atra\u00e7\u00e3o, que surgiu em 2011, caiu no gosto de avareenses e turistas, j\u00e1 que oferece diversas op\u00e7\u00f5es gastron\u00f4micas em um ambiente divertido e familiar.<br \/>\nAl\u00e9m de comida e bebida, o p\u00fablico encontra frutas, legumes e verduras, entre outros produtos.<\/p>\n","protected":false},"excerpt":{"rendered":"<p>Evento tem edi\u00e7\u00e3o especial devido ao feriado de Corpus Christi Por: REDA\u00c7\u00c3O | SECOM. O Fundo Social de Solidariedade vai arrecadar agasalhos durante a edi\u00e7\u00e3o especial da Feira da Lua que acontece nesta quinta-feira, 19, e sexta, 20. Realizado tradicionalmente toda sexta-feira na Concha Ac\u00fastica, o evento teve sua data alterada devido ao feriado de [&hellip;]<\/p>\n","protected":false},"author":2,"featured_media":25429,"comment_status":"open","ping_status":"open","sticky":false,"template":"","format":"standard","meta":{"footnotes":""},"categories":[58],"tags":[],"class_list":["post-25428","post","type-post","status-publish","format-standard","has-post-thumbnail","hentry","category-noticias-locais"],"_links":{"self":[{"href":"https:\/\/sabuguinho.com.br\/site\/wp-json\/wp\/v2\/posts\/25428","targetHints":{"allow":["GET"]}}],"collection":[{"href":"https:\/\/sabuguinho.com.br\/site\/wp-json\/wp\/v2\/posts"}],"about":[{"href":"https:\/\/sabuguinho.com.br\/site\/wp-json\/wp\/v2\/types\/post"}],"author":[{"embeddable":true,"href":"https:\/\/sabuguinho.com.br\/site\/wp-json\/wp\/v2\/users\/2"}],"replies":[{"embeddable":true,"href":"https:\/\/sabuguinho.com.br\/site\/wp-json\/wp\/v2\/comments?post=25428"}],"version-history":[{"count":1,"href":"https:\/\/sabuguinho.com.br\/site\/wp-json\/wp\/v2\/posts\/25428\/revisions"}],"predecessor-version":[{"id":25430,"href":"https:\/\/sabuguinho.com.br\/site\/wp-json\/wp\/v2\/posts\/25428\/revisions\/25430"}],"wp:featuredmedia":[{"embeddable":true,"href":"https:\/\/sabuguinho.com.br\/site\/wp-json\/wp\/v2\/media\/25429"}],"wp:attachment":[{"href":"https:\/\/sabuguinho.com.br\/site\/wp-json\/wp\/v2\/media?parent=25428"}],"wp:term":[{"taxonomy":"category","embeddable":true,"href":"https:\/\/sabuguinho.com.br\/site\/wp-json\/wp\/v2\/categories?post=25428"},{"taxonomy":"post_tag","embeddable":true,"href":"https:\/\/sabuguinho.com.br\/site\/wp-json\/wp\/v2\/tags?post=25428"}],"curies":[{"name":"wp","href":"https:\/\/api.w.org\/{rel}","templated":true}]}}