{"id":25419,"date":"2025-06-18T11:27:07","date_gmt":"2025-06-18T14:27:07","guid":{"rendered":"https:\/\/sabuguinho.com.br\/site\/?p=25419"},"modified":"2025-06-18T11:27:07","modified_gmt":"2025-06-18T14:27:07","slug":"avare-e-contemplada-com-r-100-mil-em-emenda-para-a-saude-por-meio-do-deputado-federal-alencar-santana","status":"publish","type":"post","link":"https:\/\/sabuguinho.com.br\/site\/avare-e-contemplada-com-r-100-mil-em-emenda-para-a-saude-por-meio-do-deputado-federal-alencar-santana\/","title":{"rendered":"Avar\u00e9 \u00e9 contemplada com R$ 100 mil em emenda para a Sa\u00fade, por meio do deputado federal Alencar Santana"},"content":{"rendered":"<p>A a\u00e7\u00e3o representa mais um avan\u00e7o na busca por investimentos que fortale\u00e7am o atendimento da sa\u00fade p\u00fablica local<\/p>\n<p>A Est\u00e2ncia Tur\u00edstica de Avar\u00e9 foi contemplada com R$ 100 mil em recursos federais destinados \u00e0 \u00e1rea da sa\u00fade. A indica\u00e7\u00e3o foi feita pelo deputado federal Alencar Santana (PT\/SP) ao Or\u00e7amento-Geral da Uni\u00e3o de 2025, atendendo a um pedido oficial do prefeito Roberto Araujo, por meio de Cassiano Rosado, representante do Departamento de Conv\u00eanios (Decon) da Prefeitura Municipal.<br \/>\nOs recursos s\u00e3o voltados para o custeio das a\u00e7\u00f5es de sa\u00fade, conforme consta na emenda indicada: \u201cIncremento Tempor\u00e1rio ao Custeio dos Servi\u00e7os de Assist\u00eancia Hospitalar e Ambulatorial para Cumprimento de Metas\u201d. O valor foi liberado por meio do Fundo Nacional de Sa\u00fade, no total de R$ 100 mil.<br \/>\nA a\u00e7\u00e3o representa mais um avan\u00e7o na busca por investimentos que fortale\u00e7am o atendimento da sa\u00fade p\u00fablica local. O deputado Alencar Santana destacou sua disposi\u00e7\u00e3o em colaborar com o munic\u00edpio e agradeceu pela articula\u00e7\u00e3o institucional. A atua\u00e7\u00e3o do prefeito Roberto Araujo e do Decon, refor\u00e7a o empenho da atual gest\u00e3o em garantir melhorias concretas para a popula\u00e7\u00e3o de Avar\u00e9.<\/p>\n","protected":false},"excerpt":{"rendered":"<p>A a\u00e7\u00e3o representa mais um avan\u00e7o na busca por investimentos que fortale\u00e7am o atendimento da sa\u00fade p\u00fablica local A Est\u00e2ncia Tur\u00edstica de Avar\u00e9 foi contemplada com R$ 100 mil em recursos federais destinados \u00e0 \u00e1rea da sa\u00fade. A indica\u00e7\u00e3o foi feita pelo deputado federal Alencar Santana (PT\/SP) ao Or\u00e7amento-Geral da Uni\u00e3o de 2025, atendendo a [&hellip;]<\/p>\n","protected":false},"author":2,"featured_media":25420,"comment_status":"open","ping_status":"open","sticky":false,"template":"","format":"standard","meta":{"footnotes":""},"categories":[58],"tags":[],"class_list":["post-25419","post","type-post","status-publish","format-standard","has-post-thumbnail","hentry","category-noticias-locais"],"_links":{"self":[{"href":"https:\/\/sabuguinho.com.br\/site\/wp-json\/wp\/v2\/posts\/25419","targetHints":{"allow":["GET"]}}],"collection":[{"href":"https:\/\/sabuguinho.com.br\/site\/wp-json\/wp\/v2\/posts"}],"about":[{"href":"https:\/\/sabuguinho.com.br\/site\/wp-json\/wp\/v2\/types\/post"}],"author":[{"embeddable":true,"href":"https:\/\/sabuguinho.com.br\/site\/wp-json\/wp\/v2\/users\/2"}],"replies":[{"embeddable":true,"href":"https:\/\/sabuguinho.com.br\/site\/wp-json\/wp\/v2\/comments?post=25419"}],"version-history":[{"count":1,"href":"https:\/\/sabuguinho.com.br\/site\/wp-json\/wp\/v2\/posts\/25419\/revisions"}],"predecessor-version":[{"id":25421,"href":"https:\/\/sabuguinho.com.br\/site\/wp-json\/wp\/v2\/posts\/25419\/revisions\/25421"}],"wp:featuredmedia":[{"embeddable":true,"href":"https:\/\/sabuguinho.com.br\/site\/wp-json\/wp\/v2\/media\/25420"}],"wp:attachment":[{"href":"https:\/\/sabuguinho.com.br\/site\/wp-json\/wp\/v2\/media?parent=25419"}],"wp:term":[{"taxonomy":"category","embeddable":true,"href":"https:\/\/sabuguinho.com.br\/site\/wp-json\/wp\/v2\/categories?post=25419"},{"taxonomy":"post_tag","embeddable":true,"href":"https:\/\/sabuguinho.com.br\/site\/wp-json\/wp\/v2\/tags?post=25419"}],"curies":[{"name":"wp","href":"https:\/\/api.w.org\/{rel}","templated":true}]}}