{"id":25378,"date":"2025-06-17T22:08:01","date_gmt":"2025-06-18T01:08:01","guid":{"rendered":"https:\/\/sabuguinho.com.br\/site\/?p=25378"},"modified":"2025-06-17T22:08:01","modified_gmt":"2025-06-18T01:08:01","slug":"avare-forcas-de-seguranca-e-prefeitura-realizam-operacao-integrada-no-bonsucesso-para-enfrentamento-a-vulnerabilidade-social-e-ao-trafico-de-drogas","status":"publish","type":"post","link":"https:\/\/sabuguinho.com.br\/site\/avare-forcas-de-seguranca-e-prefeitura-realizam-operacao-integrada-no-bonsucesso-para-enfrentamento-a-vulnerabilidade-social-e-ao-trafico-de-drogas\/","title":{"rendered":"AVAR\u00c9 &#8211;  For\u00e7as de seguran\u00e7a e Prefeitura realizam opera\u00e7\u00e3o integrada no Bonsucesso para enfrentamento \u00e0 vulnerabilidade social e ao tr\u00e1fico de drogas"},"content":{"rendered":"<p><img loading=\"lazy\" decoding=\"async\" src=\"https:\/\/sabuguinho.com.br\/site\/wp-content\/uploads\/2025\/06\/IMG-20250617-WA0101-1-69x150.jpg\" alt=\"\" width=\"69\" height=\"150\" class=\"alignnone size-medium wp-image-25404\" srcset=\"https:\/\/sabuguinho.com.br\/site\/wp-content\/uploads\/2025\/06\/IMG-20250617-WA0101-1-69x150.jpg 69w, https:\/\/sabuguinho.com.br\/site\/wp-content\/uploads\/2025\/06\/IMG-20250617-WA0101-1-236x512.jpg 236w, https:\/\/sabuguinho.com.br\/site\/wp-content\/uploads\/2025\/06\/IMG-20250617-WA0101-1-708x1536.jpg 708w, https:\/\/sabuguinho.com.br\/site\/wp-content\/uploads\/2025\/06\/IMG-20250617-WA0101-1.jpg 738w\" sizes=\"auto, (max-width: 69px) 100vw, 69px\" \/><\/p>\n<p><img loading=\"lazy\" decoding=\"async\" src=\"https:\/\/sabuguinho.com.br\/site\/wp-content\/uploads\/2025\/06\/IMG-20250617-WA0102-1-150x100.jpg\" alt=\"\" width=\"150\" height=\"100\" class=\"alignnone size-medium wp-image-25405\" srcset=\"https:\/\/sabuguinho.com.br\/site\/wp-content\/uploads\/2025\/06\/IMG-20250617-WA0102-1-150x100.jpg 150w, https:\/\/sabuguinho.com.br\/site\/wp-content\/uploads\/2025\/06\/IMG-20250617-WA0102-1-512x342.jpg 512w, https:\/\/sabuguinho.com.br\/site\/wp-content\/uploads\/2025\/06\/IMG-20250617-WA0102-1-768x513.jpg 768w, https:\/\/sabuguinho.com.br\/site\/wp-content\/uploads\/2025\/06\/IMG-20250617-WA0102-1-1536x1026.jpg 1536w, https:\/\/sabuguinho.com.br\/site\/wp-content\/uploads\/2025\/06\/IMG-20250617-WA0102-1-750x501.jpg 750w, https:\/\/sabuguinho.com.br\/site\/wp-content\/uploads\/2025\/06\/IMG-20250617-WA0102-1-1140x762.jpg 1140w, https:\/\/sabuguinho.com.br\/site\/wp-content\/uploads\/2025\/06\/IMG-20250617-WA0102-1.jpg 1600w\" sizes=\"auto, (max-width: 150px) 100vw, 150px\" \/><\/p>\n<p><img loading=\"lazy\" decoding=\"async\" src=\"https:\/\/sabuguinho.com.br\/site\/wp-content\/uploads\/2025\/06\/IMG-20250617-WA0099-1-150x100.jpg\" alt=\"\" width=\"150\" height=\"100\" class=\"alignnone size-medium wp-image-25406\" srcset=\"https:\/\/sabuguinho.com.br\/site\/wp-content\/uploads\/2025\/06\/IMG-20250617-WA0099-1-150x100.jpg 150w, https:\/\/sabuguinho.com.br\/site\/wp-content\/uploads\/2025\/06\/IMG-20250617-WA0099-1-512x342.jpg 512w, https:\/\/sabuguinho.com.br\/site\/wp-content\/uploads\/2025\/06\/IMG-20250617-WA0099-1-768x513.jpg 768w, https:\/\/sabuguinho.com.br\/site\/wp-content\/uploads\/2025\/06\/IMG-20250617-WA0099-1-1536x1026.jpg 1536w, https:\/\/sabuguinho.com.br\/site\/wp-content\/uploads\/2025\/06\/IMG-20250617-WA0099-1-750x501.jpg 750w, https:\/\/sabuguinho.com.br\/site\/wp-content\/uploads\/2025\/06\/IMG-20250617-WA0099-1-1140x762.jpg 1140w, https:\/\/sabuguinho.com.br\/site\/wp-content\/uploads\/2025\/06\/IMG-20250617-WA0099-1.jpg 1600w\" sizes=\"auto, (max-width: 150px) 100vw, 150px\" \/><\/p>\n<p><img loading=\"lazy\" decoding=\"async\" src=\"https:\/\/sabuguinho.com.br\/site\/wp-content\/uploads\/2025\/06\/IMG-20250617-WA0100-150x100.jpg\" alt=\"\" width=\"150\" height=\"100\" class=\"alignnone size-medium wp-image-25407\" srcset=\"https:\/\/sabuguinho.com.br\/site\/wp-content\/uploads\/2025\/06\/IMG-20250617-WA0100-150x100.jpg 150w, https:\/\/sabuguinho.com.br\/site\/wp-content\/uploads\/2025\/06\/IMG-20250617-WA0100-512x342.jpg 512w, https:\/\/sabuguinho.com.br\/site\/wp-content\/uploads\/2025\/06\/IMG-20250617-WA0100-768x513.jpg 768w, https:\/\/sabuguinho.com.br\/site\/wp-content\/uploads\/2025\/06\/IMG-20250617-WA0100-1536x1026.jpg 1536w, https:\/\/sabuguinho.com.br\/site\/wp-content\/uploads\/2025\/06\/IMG-20250617-WA0100-750x501.jpg 750w, https:\/\/sabuguinho.com.br\/site\/wp-content\/uploads\/2025\/06\/IMG-20250617-WA0100-1140x762.jpg 1140w, https:\/\/sabuguinho.com.br\/site\/wp-content\/uploads\/2025\/06\/IMG-20250617-WA0100.jpg 1600w\" sizes=\"auto, (max-width: 150px) 100vw, 150px\" \/><\/p>\n<p><img loading=\"lazy\" decoding=\"async\" src=\"https:\/\/sabuguinho.com.br\/site\/wp-content\/uploads\/2025\/06\/IMG-20250617-WA0097-1-100x150.jpg\" alt=\"\" width=\"100\" height=\"150\" class=\"alignnone size-medium wp-image-25408\" srcset=\"https:\/\/sabuguinho.com.br\/site\/wp-content\/uploads\/2025\/06\/IMG-20250617-WA0097-1-100x150.jpg 100w, https:\/\/sabuguinho.com.br\/site\/wp-content\/uploads\/2025\/06\/IMG-20250617-WA0097-1-342x512.jpg 342w, https:\/\/sabuguinho.com.br\/site\/wp-content\/uploads\/2025\/06\/IMG-20250617-WA0097-1-768x1149.jpg 768w, https:\/\/sabuguinho.com.br\/site\/wp-content\/uploads\/2025\/06\/IMG-20250617-WA0097-1-1026x1536.jpg 1026w, https:\/\/sabuguinho.com.br\/site\/wp-content\/uploads\/2025\/06\/IMG-20250617-WA0097-1-750x1123.jpg 750w, https:\/\/sabuguinho.com.br\/site\/wp-content\/uploads\/2025\/06\/IMG-20250617-WA0097-1.jpg 1069w\" sizes=\"auto, (max-width: 100px) 100vw, 100px\" \/><\/p>\n<p>For\u00e7a-tarefa resultou em pris\u00e3o por tr\u00e1fico, apreens\u00e3o de entorpecentes e objetos, atendimento a pessoas em situa\u00e7\u00e3o de vulnerabilidade e remo\u00e7\u00e3o de barracos irregulares<br \/>\nA Opera\u00e7\u00e3o \u201cFim da Linha\u201d, realizada nesta sexta-feira, 17 de junho de 2025, marcou uma a\u00e7\u00e3o in\u00e9dita em Avar\u00e9 no enfrentamento de problemas sociais e de seguran\u00e7a p\u00fablica concentrados na regi\u00e3o do Bonsucesso, especialmente no local conhecido como \u201cTenda\u201d. A for\u00e7a-tarefa integrou esfor\u00e7os do Minist\u00e9rio P\u00fablico, da Prefeitura Municipal, da Pol\u00edcia Civil, da Pol\u00edcia Militar, da Vigil\u00e2ncia Sanit\u00e1ria e do Conselho Tutelar.<br \/>\nO principal objetivo da opera\u00e7\u00e3o foi combater a vulnerabilidade social, o tr\u00e1fico de drogas e as condi\u00e7\u00f5es de insalubridade que vinham sendo registradas no local. As a\u00e7\u00f5es foram planejadas ap\u00f3s o recebimento de diversas den\u00fancias, formalizadas junto ao Minist\u00e9rio P\u00fablico, que relatavam situa\u00e7\u00f5es de consumo de drogas em via p\u00fablica, forma\u00e7\u00e3o de moradias improvisadas e ac\u00famulo de lixo nas ruas.<br \/>\nAs dilig\u00eancias tiveram in\u00edcio com uma reuni\u00e3o de coordena\u00e7\u00e3o realizada ao meio-dia no \u201cParque Fernando Cruz Pimentel\u201d, recinto da Emapa. No encontro, foram alinhadas as estrat\u00e9gias operacionais e definidos os locais a serem fiscalizados. Em seguida, um comboio de viaturas das for\u00e7as de seguran\u00e7a se deslocou at\u00e9 a \u00e1rea de atua\u00e7\u00e3o, demonstrando a dimens\u00e3o da opera\u00e7\u00e3o.<br \/>\nDiversos pontos do Bonsucesso foram alvos de buscas e vistorias. Entre os locais abordados estavam a Rua Presidente Castelo Branco, a Rua Professora Azurara, a Travessa Liberdade, a Rua Marta Rocha e o pr\u00f3prio n\u00facleo central da \u201cTenda\u201d. As equipes realizaram o cumprimento de mandados de busca e apreens\u00e3o e procederam a abordagens a pessoas e ve\u00edculos.<\/p>\n<p>Pris\u00f5es, drogas e objetos apreendidos<\/p>\n<p>Como resultado das a\u00e7\u00f5es policiais, foi registrada uma pris\u00e3o em flagrante por tr\u00e1fico de drogas. O detido, encontrado em uma resid\u00eancia, foi autuado com aproximadamente 203 gramas de coca\u00edna, al\u00e9m de por\u00e7\u00f5es de maconha, maconha sint\u00e9tica (dry) e crack. Tamb\u00e9m foram apreendidos tr\u00eas balan\u00e7as de precis\u00e3o, sacos pl\u00e1sticos para acondicionamento de entorpecentes e tr\u00eas dichavadores.<br \/>\nAo todo, foram apreendidos 18 aparelhos celulares de marcas diversas, al\u00e9m de R$ 1.654,00 em esp\u00e9cie, localizados em diferentes endere\u00e7os e com diversos indiv\u00edduos abordados. Os valores estavam, em sua maioria, escondidos em locais de dif\u00edcil acesso ou guardados junto a objetos pessoais.<br \/>\nAl\u00e9m das subst\u00e2ncias entorpecentes e dos valores em dinheiro, outros materiais de interesse para as investiga\u00e7\u00f5es foram recolhidos, como um simulacro de arma de fogo, ferramentas el\u00e9tricas (furadeira e m\u00e1quinas de cortar cabelo), um monitor de v\u00eddeo, um tablet, uma televis\u00e3o e cart\u00f5es banc\u00e1rios que estavam em posse de pessoas que n\u00e3o souberam justificar sua proced\u00eancia.<br \/>\nAs a\u00e7\u00f5es policiais foram registradas em cinco boletins de ocorr\u00eancia, detalhando todos os fatos, materiais apreendidos e pessoas abordadas. Os procedimentos foram formalizados no Plant\u00e3o Policial de Avar\u00e9 e agora seguem para investiga\u00e7\u00e3o pelas unidades da Pol\u00edcia Civil.<\/p>\n<p>Atendimento social e sa\u00fade p\u00fablica<\/p>\n<p>Paralelamente \u00e0s a\u00e7\u00f5es de seguran\u00e7a, foi montado um posto de atendimento social nas depend\u00eancias da Delegacia de Defesa da Mulher (DDM), com o objetivo de realizar triagem e prestar assist\u00eancia \u00e0s pessoas em situa\u00e7\u00e3o de vulnerabilidade que se encontravam na regi\u00e3o da opera\u00e7\u00e3o.<br \/>\nDurante o dia, 20 pessoas foram atendidas por equipes multidisciplinares da Secretaria Municipal de Assist\u00eancia Social e da Secretaria Municipal de Sa\u00fade. Todas as pessoas abordadas eram residentes em Avar\u00e9, conforme verifica\u00e7\u00e3o durante os atendimentos individuais.<br \/>\nOs servi\u00e7os oferecidos inclu\u00edram orienta\u00e7\u00e3o social, avalia\u00e7\u00e3o de sa\u00fade, apoio psicol\u00f3gico e encaminhamento para os programas de prote\u00e7\u00e3o social mantidos pela Prefeitura. Apenas uma das pessoas atendidas manifestou interesse em receber acompanhamento prolongado, sendo direcionada para os servi\u00e7os especializados do munic\u00edpio.<br \/>\nA atua\u00e7\u00e3o social buscou garantir o acolhimento adequado das pessoas vulner\u00e1veis, respeitando seus direitos, sua dignidade e sua autonomia de decis\u00e3o. N\u00e3o houve, durante a opera\u00e7\u00e3o, qualquer tipo de medida de interna\u00e7\u00e3o compuls\u00f3ria.<\/p>\n<p>Limpeza urbana e remo\u00e7\u00e3o de estruturas irregulares<\/p>\n<p>Al\u00e9m das a\u00e7\u00f5es de seguran\u00e7a p\u00fablica e assist\u00eancia social, foi iniciado o trabalho de limpeza e ordenamento urbano na \u00e1rea da \u201cTenda\u201d. A Prefeitura, por meio da Secretaria de Servi\u00e7os Urbanos, mobilizou uma m\u00e1quina retroescavadeira para realizar a demoli\u00e7\u00e3o de barracos improvisados que se encontravam em condi\u00e7\u00f5es prec\u00e1rias e representavam risco sanit\u00e1rio.<br \/>\nAp\u00f3s a derrubada das estruturas, um caminh\u00e3o da Prefeitura foi utilizado para a retirada de todo o entulho e dos res\u00edduos s\u00f3lidos acumulados. O material removido foi encaminhado para destina\u00e7\u00e3o adequada, conforme as normas ambientais vigentes.<br \/>\nEssa etapa teve como finalidade restabelecer as condi\u00e7\u00f5es m\u00ednimas de salubridade no local, evitando o ac\u00famulo de lixo e a perman\u00eancia de pontos cr\u00edticos que favorecem a instala\u00e7\u00e3o de novas ocupa\u00e7\u00f5es irregulares.<br \/>\nAo longo da opera\u00e7\u00e3o, a Vigil\u00e2ncia Sanit\u00e1ria tamb\u00e9m realizou vistorias em estabelecimentos comerciais nas proximidades da \u00e1rea de atua\u00e7\u00e3o, com o objetivo de verificar o cumprimento das normas de sa\u00fade p\u00fablica e seguran\u00e7a sanit\u00e1ria.<\/p>\n<p>Representantes do Conselho Tutelar tamb\u00e9m ficaram \u00e0 disposi\u00e7\u00e3o da opera\u00e7\u00e3o para garantir a prote\u00e7\u00e3o integral de crian\u00e7as e adolescentes.<\/p>\n<p>Ao final das atividades, em coletiva de imprensa, o Delegado Seccional de Pol\u00edcia de Avar\u00e9, Fabiano Ribeiro Ferreira da Silva, destacou que a Opera\u00e7\u00e3o \u201cFim da Linha\u201d teve car\u00e1ter preventivo, repressivo e social, visando atender de forma integral as demandas do bairro onde ocorreram as a\u00e7\u00f5es.<\/p>\n<p>A Prefeitura de Avar\u00e9 e os demais \u00f3rg\u00e3os envolvidos avaliaram positivamente os resultados alcan\u00e7ados, refor\u00e7ando que a\u00e7\u00f5es semelhantes poder\u00e3o ser desenvolvidas futuramente, de acordo com as necessidades verificadas.<\/p>\n<p><img loading=\"lazy\" decoding=\"async\" src=\"https:\/\/sabuguinho.com.br\/site\/wp-content\/uploads\/2025\/06\/IMG-20250617-WA0097-100x150.jpg\" alt=\"\" width=\"100\" height=\"150\" class=\"alignnone size-medium wp-image-25386\" srcset=\"https:\/\/sabuguinho.com.br\/site\/wp-content\/uploads\/2025\/06\/IMG-20250617-WA0097-100x150.jpg 100w, https:\/\/sabuguinho.com.br\/site\/wp-content\/uploads\/2025\/06\/IMG-20250617-WA0097-342x512.jpg 342w, https:\/\/sabuguinho.com.br\/site\/wp-content\/uploads\/2025\/06\/IMG-20250617-WA0097-768x1149.jpg 768w, https:\/\/sabuguinho.com.br\/site\/wp-content\/uploads\/2025\/06\/IMG-20250617-WA0097-1026x1536.jpg 1026w, https:\/\/sabuguinho.com.br\/site\/wp-content\/uploads\/2025\/06\/IMG-20250617-WA0097-750x1123.jpg 750w, https:\/\/sabuguinho.com.br\/site\/wp-content\/uploads\/2025\/06\/IMG-20250617-WA0097.jpg 1069w\" sizes=\"auto, (max-width: 100px) 100vw, 100px\" \/><\/p>\n<p><img loading=\"lazy\" decoding=\"async\" src=\"https:\/\/sabuguinho.com.br\/site\/wp-content\/uploads\/2025\/06\/IMG-20250617-WA0103-1-100x150.jpg\" alt=\"\" width=\"100\" height=\"150\" class=\"alignnone size-medium wp-image-25402\" srcset=\"https:\/\/sabuguinho.com.br\/site\/wp-content\/uploads\/2025\/06\/IMG-20250617-WA0103-1-100x150.jpg 100w, https:\/\/sabuguinho.com.br\/site\/wp-content\/uploads\/2025\/06\/IMG-20250617-WA0103-1-342x512.jpg 342w, https:\/\/sabuguinho.com.br\/site\/wp-content\/uploads\/2025\/06\/IMG-20250617-WA0103-1-768x1149.jpg 768w, https:\/\/sabuguinho.com.br\/site\/wp-content\/uploads\/2025\/06\/IMG-20250617-WA0103-1-1026x1536.jpg 1026w, https:\/\/sabuguinho.com.br\/site\/wp-content\/uploads\/2025\/06\/IMG-20250617-WA0103-1-750x1123.jpg 750w, https:\/\/sabuguinho.com.br\/site\/wp-content\/uploads\/2025\/06\/IMG-20250617-WA0103-1.jpg 1069w\" sizes=\"auto, (max-width: 100px) 100vw, 100px\" \/><\/p>\n<p><img loading=\"lazy\" decoding=\"async\" src=\"https:\/\/sabuguinho.com.br\/site\/wp-content\/uploads\/2025\/06\/IMG-20250617-WA0080-1-150x100.jpg\" alt=\"\" width=\"150\" height=\"100\" class=\"alignnone size-medium wp-image-25403\" srcset=\"https:\/\/sabuguinho.com.br\/site\/wp-content\/uploads\/2025\/06\/IMG-20250617-WA0080-1-150x100.jpg 150w, https:\/\/sabuguinho.com.br\/site\/wp-content\/uploads\/2025\/06\/IMG-20250617-WA0080-1-512x342.jpg 512w, https:\/\/sabuguinho.com.br\/site\/wp-content\/uploads\/2025\/06\/IMG-20250617-WA0080-1-768x513.jpg 768w, https:\/\/sabuguinho.com.br\/site\/wp-content\/uploads\/2025\/06\/IMG-20250617-WA0080-1-1536x1026.jpg 1536w, https:\/\/sabuguinho.com.br\/site\/wp-content\/uploads\/2025\/06\/IMG-20250617-WA0080-1-750x501.jpg 750w, https:\/\/sabuguinho.com.br\/site\/wp-content\/uploads\/2025\/06\/IMG-20250617-WA0080-1-1140x762.jpg 1140w, https:\/\/sabuguinho.com.br\/site\/wp-content\/uploads\/2025\/06\/IMG-20250617-WA0080-1.jpg 1600w\" sizes=\"auto, (max-width: 150px) 100vw, 150px\" \/><\/p>\n","protected":false},"excerpt":{"rendered":"<p>For\u00e7a-tarefa resultou em pris\u00e3o por tr\u00e1fico, apreens\u00e3o de entorpecentes e objetos, atendimento a pessoas em situa\u00e7\u00e3o de vulnerabilidade e remo\u00e7\u00e3o de barracos irregulares A Opera\u00e7\u00e3o \u201cFim da Linha\u201d, realizada nesta sexta-feira, 17 de junho de 2025, marcou uma a\u00e7\u00e3o in\u00e9dita em Avar\u00e9 no enfrentamento de problemas sociais e de seguran\u00e7a p\u00fablica concentrados na regi\u00e3o do [&hellip;]<\/p>\n","protected":false},"author":2,"featured_media":25409,"comment_status":"open","ping_status":"open","sticky":false,"template":"","format":"standard","meta":{"footnotes":""},"categories":[52],"tags":[],"class_list":["post-25378","post","type-post","status-publish","format-standard","has-post-thumbnail","hentry","category-policiais"],"_links":{"self":[{"href":"https:\/\/sabuguinho.com.br\/site\/wp-json\/wp\/v2\/posts\/25378","targetHints":{"allow":["GET"]}}],"collection":[{"href":"https:\/\/sabuguinho.com.br\/site\/wp-json\/wp\/v2\/posts"}],"about":[{"href":"https:\/\/sabuguinho.com.br\/site\/wp-json\/wp\/v2\/types\/post"}],"author":[{"embeddable":true,"href":"https:\/\/sabuguinho.com.br\/site\/wp-json\/wp\/v2\/users\/2"}],"replies":[{"embeddable":true,"href":"https:\/\/sabuguinho.com.br\/site\/wp-json\/wp\/v2\/comments?post=25378"}],"version-history":[{"count":1,"href":"https:\/\/sabuguinho.com.br\/site\/wp-json\/wp\/v2\/posts\/25378\/revisions"}],"predecessor-version":[{"id":25410,"href":"https:\/\/sabuguinho.com.br\/site\/wp-json\/wp\/v2\/posts\/25378\/revisions\/25410"}],"wp:featuredmedia":[{"embeddable":true,"href":"https:\/\/sabuguinho.com.br\/site\/wp-json\/wp\/v2\/media\/25409"}],"wp:attachment":[{"href":"https:\/\/sabuguinho.com.br\/site\/wp-json\/wp\/v2\/media?parent=25378"}],"wp:term":[{"taxonomy":"category","embeddable":true,"href":"https:\/\/sabuguinho.com.br\/site\/wp-json\/wp\/v2\/categories?post=25378"},{"taxonomy":"post_tag","embeddable":true,"href":"https:\/\/sabuguinho.com.br\/site\/wp-json\/wp\/v2\/tags?post=25378"}],"curies":[{"name":"wp","href":"https:\/\/api.w.org\/{rel}","templated":true}]}}