{"id":25044,"date":"2025-06-14T12:41:59","date_gmt":"2025-06-14T15:41:59","guid":{"rendered":"https:\/\/sabuguinho.com.br\/site\/?p=25044"},"modified":"2025-06-14T12:41:59","modified_gmt":"2025-06-14T15:41:59","slug":"nesse-inverno-seja-a-esperanca-de-alguem-campanha-do-agasalho-2025-mobiliza-solidariedade-em-avare","status":"publish","type":"post","link":"https:\/\/sabuguinho.com.br\/site\/nesse-inverno-seja-a-esperanca-de-alguem-campanha-do-agasalho-2025-mobiliza-solidariedade-em-avare\/","title":{"rendered":"\u201dNesse inverno, seja a esperan\u00e7a de algu\u00e9m&#8221;: Campanha do Agasalho 2025 mobiliza solidariedade em Avar\u00e9"},"content":{"rendered":"<p>Sob lideran\u00e7a da primeira-dama \u00c9rika Araujo, Fundo Social de Solidariedade inicia arrecada\u00e7\u00e3o de agasalhos e cobertores para aquecer fam\u00edlias em situa\u00e7\u00e3o de vulnerabilidade<\/p>\n<p>Com a aproxima\u00e7\u00e3o do inverno e das baixas temperaturas, a empatia e o cuidado com o pr\u00f3ximo se tornam ainda mais urgentes. Na Est\u00e2ncia Tur\u00edstica de Avar\u00e9, o Fundo Social de Solidariedade, presidido pela primeira-dama \u00c9rika Araujo, deu in\u00edcio \u00e0 Campanha do Agasalho 2025, com o objetivo de levar calor humano \u00e0s fam\u00edlias que mais precisam.<br \/>\nA campanha \u00e9 um convite ao cora\u00e7\u00e3o: todos podem participar doando roupas de frio, como casacos, blusas, cal\u00e7as, al\u00e9m de cobertores em bom estado de uso. Os itens arrecadados ser\u00e3o destinados diretamente as pessoas em situa\u00e7\u00e3o de vulnerabilidade, garantindo que o frio n\u00e3o seja mais um obst\u00e1culo em suas vidas.<br \/>\nPara a primeira-dama \u00c9rika Araujo, o trabalho do Fundo Social \u00e9 uma extens\u00e3o do cuidado com as pessoas: \u201cCada pe\u00e7a doada representa mais do que tecido: representa amor, carinho, dignidade e esperan\u00e7a\u201d. As doa\u00e7\u00f5es podem ser entregues diretamente na sede do Fundo Social de Solidariedade de Avar\u00e9.<br \/>\nCom a uni\u00e3o da comunidade, o gesto de doar se transforma em calor humano e seguran\u00e7a para quem enfrenta o inverno com dificuldades. Neste momento de uni\u00e3o e solidariedade, a mensagem \u00e9 clara e emocionante: &#8220;Nesse inverno, seja a esperan\u00e7a de algu\u00e9m&#8221;. Porque quando a popula\u00e7\u00e3o se mobiliza, ningu\u00e9m fica para tr\u00e1s. O Fundo Social est\u00e1 situado na Rua Rio Grande do Sul, n\u00ba\u202f1.842 &#8211; Centro, Avar\u00e9.<\/p>\n<p><img loading=\"lazy\" decoding=\"async\" src=\"https:\/\/sabuguinho.com.br\/site\/wp-content\/uploads\/2025\/06\/Equipe-do-Fundo-Social--100x150.jpg\" alt=\"\" width=\"100\" height=\"150\" class=\"alignnone size-medium wp-image-25045\" srcset=\"https:\/\/sabuguinho.com.br\/site\/wp-content\/uploads\/2025\/06\/Equipe-do-Fundo-Social--100x150.jpg 100w, https:\/\/sabuguinho.com.br\/site\/wp-content\/uploads\/2025\/06\/Equipe-do-Fundo-Social--341x512.jpg 341w, https:\/\/sabuguinho.com.br\/site\/wp-content\/uploads\/2025\/06\/Equipe-do-Fundo-Social--768x1152.jpg 768w, https:\/\/sabuguinho.com.br\/site\/wp-content\/uploads\/2025\/06\/Equipe-do-Fundo-Social--1024x1536.jpg 1024w, https:\/\/sabuguinho.com.br\/site\/wp-content\/uploads\/2025\/06\/Equipe-do-Fundo-Social--1365x2048.jpg 1365w, https:\/\/sabuguinho.com.br\/site\/wp-content\/uploads\/2025\/06\/Equipe-do-Fundo-Social--750x1125.jpg 750w, https:\/\/sabuguinho.com.br\/site\/wp-content\/uploads\/2025\/06\/Equipe-do-Fundo-Social--1140x1710.jpg 1140w, https:\/\/sabuguinho.com.br\/site\/wp-content\/uploads\/2025\/06\/Equipe-do-Fundo-Social--scaled.jpg 1707w\" sizes=\"(max-width: 100px) 100vw, 100px\" \/><\/p>\n","protected":false},"excerpt":{"rendered":"<p>Sob lideran\u00e7a da primeira-dama \u00c9rika Araujo, Fundo Social de Solidariedade inicia arrecada\u00e7\u00e3o de agasalhos e cobertores para aquecer fam\u00edlias em situa\u00e7\u00e3o de vulnerabilidade Com a aproxima\u00e7\u00e3o do inverno e das baixas temperaturas, a empatia e o cuidado com o pr\u00f3ximo se tornam ainda mais urgentes. Na Est\u00e2ncia Tur\u00edstica de Avar\u00e9, o Fundo Social de Solidariedade, [&hellip;]<\/p>\n","protected":false},"author":2,"featured_media":25046,"comment_status":"open","ping_status":"open","sticky":false,"template":"","format":"standard","meta":{"footnotes":""},"categories":[1],"tags":[],"_links":{"self":[{"href":"https:\/\/sabuguinho.com.br\/site\/wp-json\/wp\/v2\/posts\/25044"}],"collection":[{"href":"https:\/\/sabuguinho.com.br\/site\/wp-json\/wp\/v2\/posts"}],"about":[{"href":"https:\/\/sabuguinho.com.br\/site\/wp-json\/wp\/v2\/types\/post"}],"author":[{"embeddable":true,"href":"https:\/\/sabuguinho.com.br\/site\/wp-json\/wp\/v2\/users\/2"}],"replies":[{"embeddable":true,"href":"https:\/\/sabuguinho.com.br\/site\/wp-json\/wp\/v2\/comments?post=25044"}],"version-history":[{"count":1,"href":"https:\/\/sabuguinho.com.br\/site\/wp-json\/wp\/v2\/posts\/25044\/revisions"}],"predecessor-version":[{"id":25048,"href":"https:\/\/sabuguinho.com.br\/site\/wp-json\/wp\/v2\/posts\/25044\/revisions\/25048"}],"wp:featuredmedia":[{"embeddable":true,"href":"https:\/\/sabuguinho.com.br\/site\/wp-json\/wp\/v2\/media\/25046"}],"wp:attachment":[{"href":"https:\/\/sabuguinho.com.br\/site\/wp-json\/wp\/v2\/media?parent=25044"}],"wp:term":[{"taxonomy":"category","embeddable":true,"href":"https:\/\/sabuguinho.com.br\/site\/wp-json\/wp\/v2\/categories?post=25044"},{"taxonomy":"post_tag","embeddable":true,"href":"https:\/\/sabuguinho.com.br\/site\/wp-json\/wp\/v2\/tags?post=25044"}],"curies":[{"name":"wp","href":"https:\/\/api.w.org\/{rel}","templated":true}]}}