{"id":25026,"date":"2025-06-13T21:11:10","date_gmt":"2025-06-14T00:11:10","guid":{"rendered":"https:\/\/sabuguinho.com.br\/site\/?p=25026"},"modified":"2025-06-13T21:11:10","modified_gmt":"2025-06-14T00:11:10","slug":"erika-araujo-primeira-dama-de-avare-fortalece-lacos-em-sao-paulo-pela-causa-animal","status":"publish","type":"post","link":"https:\/\/sabuguinho.com.br\/site\/erika-araujo-primeira-dama-de-avare-fortalece-lacos-em-sao-paulo-pela-causa-animal\/","title":{"rendered":"\u00c9rika Araujo, primeira-dama de Avar\u00e9 fortalece la\u00e7os em S\u00e3o Paulo pela causa animal"},"content":{"rendered":"<p>\u00c9rika Araujo participou de encontro com a primeira-dama da capital, Regina Nunes, e as embaixadoras da ONG SOS Caramelo, reafirmando sua dedica\u00e7\u00e3o ao bem-estar dos animais e \u00e0s causas sociais<br \/>\nNos bastidores do poder, h\u00e1 espa\u00e7os de empatia e afeto que nascem de cora\u00e7\u00f5es engajados com o bem comum. Foi nesse esp\u00edrito que a primeira-dama e presidente do Fundo Social de Avar\u00e9, \u00c9rika Araujo, esteve na capital paulista na segunda-feira, 9 de junho, para participar de um evento promovido no Rotary Club de S\u00e3o Paulo pela ONG SOS Caramelo.<br \/>\nAo lado da primeira-dama de S\u00e3o Paulo, Regina Nunes, e da embaixadora da ONG, Claudia M\u00e9tne, \u00c9rika Araujo trocou experi\u00eancias e fortaleceu v\u00ednculos com lideran\u00e7as que t\u00eam feito a diferen\u00e7a na causa animal.<br \/>\n\u201cFoi um encontro inspirador. Tenho um carinho especial pelos animais e acredito que o cuidado com eles reflete o n\u00edvel de humanidade da nossa sociedade. Conhecer de perto o trabalho da SOS Caramelo renovou minha esperan\u00e7a em um mundo mais justo e compassivo\u201d, afirmou \u00c9rika Araujo.<br \/>\nA ONG SOS Caramelo atua com resgate, cuidado e ado\u00e7\u00e3o de animais em situa\u00e7\u00e3o de abandono ou maus-tratos. Sua a\u00e7\u00e3o tem ganhado for\u00e7a com o apoio de volunt\u00e1rios e figuras p\u00fablicas como Regina Nunes, que tem se destacado na capital paulista n\u00e3o apenas pelo papel que ocupa, mas pelo envolvimento direto com causas sociais urgentes, como a educa\u00e7\u00e3o, a inclus\u00e3o e a prote\u00e7\u00e3o animal.<br \/>\nDurante o evento, a primeira-dama \u00c9rika Araujo ressaltou a import\u00e2ncia da uni\u00e3o entre munic\u00edpios e lideran\u00e7as para ampliar o alcance de iniciativas de prote\u00e7\u00e3o animal e promover pol\u00edticas p\u00fablicas efetivas. \u201cVolto para Avar\u00e9 com novas ideias e mais motiva\u00e7\u00e3o para fortalecer nossos projetos. O cuidado com os animais deve ser uma pauta constante e coletiva\u201d, declarou \u00c9rika Araujo.<br \/>\nO encontro, marcado por afetos e compromissos compartilhados, tamb\u00e9m refor\u00e7a o papel das primeiras-damas como pontes entre o poder p\u00fablico e a sociedade civil, promovendo a\u00e7\u00f5es transformadoras com sensibilidade e engajamento real.<\/p>\n<p><img loading=\"lazy\" decoding=\"async\" src=\"https:\/\/sabuguinho.com.br\/site\/wp-content\/uploads\/2025\/06\/Primeira-dama-Erika-ao-lado-deputado-federal-Felipe-Becari-defensor-da-causa-animal--113x150.jpg\" alt=\"\" width=\"113\" height=\"150\" class=\"alignnone size-medium wp-image-25027\" srcset=\"https:\/\/sabuguinho.com.br\/site\/wp-content\/uploads\/2025\/06\/Primeira-dama-Erika-ao-lado-deputado-federal-Felipe-Becari-defensor-da-causa-animal--113x150.jpg 113w, https:\/\/sabuguinho.com.br\/site\/wp-content\/uploads\/2025\/06\/Primeira-dama-Erika-ao-lado-deputado-federal-Felipe-Becari-defensor-da-causa-animal--384x512.jpg 384w, https:\/\/sabuguinho.com.br\/site\/wp-content\/uploads\/2025\/06\/Primeira-dama-Erika-ao-lado-deputado-federal-Felipe-Becari-defensor-da-causa-animal--768x1024.jpg 768w, https:\/\/sabuguinho.com.br\/site\/wp-content\/uploads\/2025\/06\/Primeira-dama-Erika-ao-lado-deputado-federal-Felipe-Becari-defensor-da-causa-animal--1152x1536.jpg 1152w, https:\/\/sabuguinho.com.br\/site\/wp-content\/uploads\/2025\/06\/Primeira-dama-Erika-ao-lado-deputado-federal-Felipe-Becari-defensor-da-causa-animal--750x1000.jpg 750w, https:\/\/sabuguinho.com.br\/site\/wp-content\/uploads\/2025\/06\/Primeira-dama-Erika-ao-lado-deputado-federal-Felipe-Becari-defensor-da-causa-animal--1140x1520.jpg 1140w, https:\/\/sabuguinho.com.br\/site\/wp-content\/uploads\/2025\/06\/Primeira-dama-Erika-ao-lado-deputado-federal-Felipe-Becari-defensor-da-causa-animal-.jpg 1200w\" sizes=\"(max-width: 113px) 100vw, 113px\" \/><\/p>\n<p><img loading=\"lazy\" decoding=\"async\" src=\"https:\/\/sabuguinho.com.br\/site\/wp-content\/uploads\/2025\/06\/Claudia-Metme-com-a-primeira-dama-de-Avare-Erika-113x150.jpg\" alt=\"\" width=\"113\" height=\"150\" class=\"alignnone size-medium wp-image-25028\" srcset=\"https:\/\/sabuguinho.com.br\/site\/wp-content\/uploads\/2025\/06\/Claudia-Metme-com-a-primeira-dama-de-Avare-Erika-113x150.jpg 113w, https:\/\/sabuguinho.com.br\/site\/wp-content\/uploads\/2025\/06\/Claudia-Metme-com-a-primeira-dama-de-Avare-Erika-384x512.jpg 384w, https:\/\/sabuguinho.com.br\/site\/wp-content\/uploads\/2025\/06\/Claudia-Metme-com-a-primeira-dama-de-Avare-Erika-768x1024.jpg 768w, https:\/\/sabuguinho.com.br\/site\/wp-content\/uploads\/2025\/06\/Claudia-Metme-com-a-primeira-dama-de-Avare-Erika-1152x1536.jpg 1152w, https:\/\/sabuguinho.com.br\/site\/wp-content\/uploads\/2025\/06\/Claudia-Metme-com-a-primeira-dama-de-Avare-Erika-750x1000.jpg 750w, https:\/\/sabuguinho.com.br\/site\/wp-content\/uploads\/2025\/06\/Claudia-Metme-com-a-primeira-dama-de-Avare-Erika-1140x1520.jpg 1140w, https:\/\/sabuguinho.com.br\/site\/wp-content\/uploads\/2025\/06\/Claudia-Metme-com-a-primeira-dama-de-Avare-Erika.jpg 1200w\" sizes=\"(max-width: 113px) 100vw, 113px\" \/><\/p>\n","protected":false},"excerpt":{"rendered":"<p>\u00c9rika Araujo participou de encontro com a primeira-dama da capital, Regina Nunes, e as embaixadoras da ONG SOS Caramelo, reafirmando sua dedica\u00e7\u00e3o ao bem-estar dos animais e \u00e0s causas sociais Nos bastidores do poder, h\u00e1 espa\u00e7os de empatia e afeto que nascem de cora\u00e7\u00f5es engajados com o bem comum. Foi nesse esp\u00edrito que a primeira-dama [&hellip;]<\/p>\n","protected":false},"author":2,"featured_media":25029,"comment_status":"open","ping_status":"open","sticky":false,"template":"","format":"standard","meta":{"footnotes":""},"categories":[58],"tags":[],"_links":{"self":[{"href":"https:\/\/sabuguinho.com.br\/site\/wp-json\/wp\/v2\/posts\/25026"}],"collection":[{"href":"https:\/\/sabuguinho.com.br\/site\/wp-json\/wp\/v2\/posts"}],"about":[{"href":"https:\/\/sabuguinho.com.br\/site\/wp-json\/wp\/v2\/types\/post"}],"author":[{"embeddable":true,"href":"https:\/\/sabuguinho.com.br\/site\/wp-json\/wp\/v2\/users\/2"}],"replies":[{"embeddable":true,"href":"https:\/\/sabuguinho.com.br\/site\/wp-json\/wp\/v2\/comments?post=25026"}],"version-history":[{"count":1,"href":"https:\/\/sabuguinho.com.br\/site\/wp-json\/wp\/v2\/posts\/25026\/revisions"}],"predecessor-version":[{"id":25030,"href":"https:\/\/sabuguinho.com.br\/site\/wp-json\/wp\/v2\/posts\/25026\/revisions\/25030"}],"wp:featuredmedia":[{"embeddable":true,"href":"https:\/\/sabuguinho.com.br\/site\/wp-json\/wp\/v2\/media\/25029"}],"wp:attachment":[{"href":"https:\/\/sabuguinho.com.br\/site\/wp-json\/wp\/v2\/media?parent=25026"}],"wp:term":[{"taxonomy":"category","embeddable":true,"href":"https:\/\/sabuguinho.com.br\/site\/wp-json\/wp\/v2\/categories?post=25026"},{"taxonomy":"post_tag","embeddable":true,"href":"https:\/\/sabuguinho.com.br\/site\/wp-json\/wp\/v2\/tags?post=25026"}],"curies":[{"name":"wp","href":"https:\/\/api.w.org\/{rel}","templated":true}]}}