{"id":25013,"date":"2025-06-13T19:03:50","date_gmt":"2025-06-13T22:03:50","guid":{"rendered":"https:\/\/sabuguinho.com.br\/site\/?p=25013"},"modified":"2025-06-13T19:03:50","modified_gmt":"2025-06-13T22:03:50","slug":"ruas-ficam-interditadas-no-dia-19-para-celebracao-de-corpus-christi","status":"publish","type":"post","link":"https:\/\/sabuguinho.com.br\/site\/ruas-ficam-interditadas-no-dia-19-para-celebracao-de-corpus-christi\/","title":{"rendered":"Ruas ficam interditadas no dia 19 para celebra\u00e7\u00e3o de Corpus Christi"},"content":{"rendered":"<p>Interrup\u00e7\u00e3o tempor\u00e1ria no fluxo de ve\u00edculos abrange trechos das ruas Piau\u00ed e Rio Grande do Sul<\/p>\n<p>Por: REDA\u00c7\u00c3O | SECOM.<\/p>\n<p>Ruas do centro de Avar\u00e9 ser\u00e3o fechadas no dia 19 de junho para a realiza\u00e7\u00e3o da cerim\u00f4nia do Corpus Christi.<br \/>\nA celebra\u00e7\u00e3o cat\u00f3lica inclui a tradicional decora\u00e7\u00e3o em via p\u00fablica com p\u00f3 de serra e outros materiais. Os fi\u00e9is v\u00e3o iniciar o trabalho a partir da meia-noite de quinta-feira, 19.<br \/>\nJ\u00e1 a missa tem in\u00edcio \u00e0s 16 horas em frente \u00e0 matriz de S\u00e3o Benedito. Em seguida, o p\u00fablico segue em prociss\u00e3o pelas ruas enfeitadas at\u00e9 o Santu\u00e1rio Nossa Senhora das Dores.<\/p>\n<p>Ruas interditadas<\/p>\n<p>O evento j\u00e1 foi oficialmente comunicado \u00e0 Secretaria Municipal de Transportes e Mobilidade Urbana.<br \/>\nA interdi\u00e7\u00e3o das ruas come\u00e7a no Largo S\u00e3o Benedito, abrangendo o trecho da Rua Piau\u00ed que vai at\u00e9 o cruzamento com a Rua Rio Grande do Sul.<br \/>\nIsso significa que as ruas Mato Grosso, Goi\u00e1s, Rio de Janeiro e Rio Grande do Sul tamb\u00e9m ficar\u00e3o interditadas em sua conflu\u00eancia com a Rua Piau\u00ed.<br \/>\nA partir do cruzamento da Piau\u00ed com a Rio Grande do Sul, a prociss\u00e3o tem continuidade pela Rua Rio Grande do Sul at\u00e9 a chegada ao Santu\u00e1rio Nossa Senhora das Dores, onde a celebra\u00e7\u00e3o ser\u00e1 encerrada.<br \/>\nPortanto, as ruas Maranh\u00e3o, Alagoas, Santa Catarina, S\u00e3o Paulo e Domiciano Santana, em sua conflu\u00eancia com a Rua Rio Grande do Sul, tamb\u00e9m ter\u00e3o o fluxo de ve\u00edculos interrompido na quinta-feira, 19.<\/p>\n<p>\u201cCorpo de Cristo\u201d<\/p>\n<p>Corpus Christi, que em latim significa \u201ccorpo de Cristo\u201d, \u00e9 uma festividade que real\u00e7a a presen\u00e7a de Jesus Cristo na eucaristia.<br \/>\nA festividade tem o objetivo de celebrar, publicamente, este sacramento cat\u00f3lico que relembra a \u00daltima Ceia com os ap\u00f3stolos, passagem que antecede a pris\u00e3o e a crucifica\u00e7\u00e3o de Jesus em Jerusal\u00e9m.<\/p>\n","protected":false},"excerpt":{"rendered":"<p>Interrup\u00e7\u00e3o tempor\u00e1ria no fluxo de ve\u00edculos abrange trechos das ruas Piau\u00ed e Rio Grande do Sul Por: REDA\u00c7\u00c3O | SECOM. Ruas do centro de Avar\u00e9 ser\u00e3o fechadas no dia 19 de junho para a realiza\u00e7\u00e3o da cerim\u00f4nia do Corpus Christi. A celebra\u00e7\u00e3o cat\u00f3lica inclui a tradicional decora\u00e7\u00e3o em via p\u00fablica com p\u00f3 de serra e [&hellip;]<\/p>\n","protected":false},"author":2,"featured_media":25014,"comment_status":"open","ping_status":"open","sticky":false,"template":"","format":"standard","meta":{"footnotes":""},"categories":[58],"tags":[],"_links":{"self":[{"href":"https:\/\/sabuguinho.com.br\/site\/wp-json\/wp\/v2\/posts\/25013"}],"collection":[{"href":"https:\/\/sabuguinho.com.br\/site\/wp-json\/wp\/v2\/posts"}],"about":[{"href":"https:\/\/sabuguinho.com.br\/site\/wp-json\/wp\/v2\/types\/post"}],"author":[{"embeddable":true,"href":"https:\/\/sabuguinho.com.br\/site\/wp-json\/wp\/v2\/users\/2"}],"replies":[{"embeddable":true,"href":"https:\/\/sabuguinho.com.br\/site\/wp-json\/wp\/v2\/comments?post=25013"}],"version-history":[{"count":1,"href":"https:\/\/sabuguinho.com.br\/site\/wp-json\/wp\/v2\/posts\/25013\/revisions"}],"predecessor-version":[{"id":25015,"href":"https:\/\/sabuguinho.com.br\/site\/wp-json\/wp\/v2\/posts\/25013\/revisions\/25015"}],"wp:featuredmedia":[{"embeddable":true,"href":"https:\/\/sabuguinho.com.br\/site\/wp-json\/wp\/v2\/media\/25014"}],"wp:attachment":[{"href":"https:\/\/sabuguinho.com.br\/site\/wp-json\/wp\/v2\/media?parent=25013"}],"wp:term":[{"taxonomy":"category","embeddable":true,"href":"https:\/\/sabuguinho.com.br\/site\/wp-json\/wp\/v2\/categories?post=25013"},{"taxonomy":"post_tag","embeddable":true,"href":"https:\/\/sabuguinho.com.br\/site\/wp-json\/wp\/v2\/tags?post=25013"}],"curies":[{"name":"wp","href":"https:\/\/api.w.org\/{rel}","templated":true}]}}