{"id":24687,"date":"2025-06-10T15:55:56","date_gmt":"2025-06-10T18:55:56","guid":{"rendered":"https:\/\/sabuguinho.com.br\/site\/?p=24687"},"modified":"2025-06-10T15:55:56","modified_gmt":"2025-06-10T18:55:56","slug":"coletiva-de-imprensa-marca-inicio-das-comemoracoes-pelos-75-anos-do-ciesp-botucatu","status":"publish","type":"post","link":"https:\/\/sabuguinho.com.br\/site\/coletiva-de-imprensa-marca-inicio-das-comemoracoes-pelos-75-anos-do-ciesp-botucatu\/","title":{"rendered":"Coletiva de imprensa marca in\u00edcio das comemora\u00e7\u00f5es pelos 75 anos do Ciesp Botucatu"},"content":{"rendered":"<p>Conduzido pela diretora titular Patr\u00edcia Dias, o encontro reuniu representantes da imprensa local. Foram apresentados dados que refor\u00e7am a relev\u00e2ncia da ind\u00fastria como motor do desenvolvimento econ\u00f4mico da regi\u00e3o.<br \/>\nNa manh\u00e3 desta ter\u00e7a-feira (10), o Ciesp \u2013 Regional Botucatu promoveu uma coletiva de imprensa em comemora\u00e7\u00e3o aos seus 75 anos de atua\u00e7\u00e3o. Conduzido pela diretora titular Patr\u00edcia Dias, o encontro reuniu representantes da imprensa local, como a R\u00e1dio Clube FM, R\u00e1dio Municipalista, R\u00e1dio Prever FM e R\u00e1dio Criativa FM na sede da entidade, localizada no Distrito Industrial de Botucatu.<br \/>\nDurante a coletiva, foram apresentados dados que refor\u00e7am a relev\u00e2ncia da ind\u00fastria como motor do desenvolvimento econ\u00f4mico e social da regi\u00e3o. A Regional abrange 28 munic\u00edpios e hoje responde por articula\u00e7\u00f5es estrat\u00e9gicas em defesa da ind\u00fastria, em di\u00e1logo constante com empresas, poder p\u00fablico e entidades parceiras.<br \/>\nSegundo Patr\u00edcia, \u201ch\u00e1 75 anos o Ciesp Botucatu escreve uma hist\u00f3ria marcada pelo di\u00e1logo, pela inova\u00e7\u00e3o e, acima de tudo, pelo compromisso com o desenvolvimento regional\u201d. Ela destacou que a entidade representa um setor que \u00e9 o maior empregador da regi\u00e3o e que \u201ctrabalha todos os dias para que a ind\u00fastria siga forte, conectada com o futuro e integrada aos avan\u00e7os que o nosso tempo exige\u201d.<br \/>\nAtualmente, Botucatu conta com um PIB de R$ 5,98 bilh\u00f5es, sendo 27,87% proveniente da atividade industrial \u2014 um \u00edndice superior \u00e0 m\u00e9dia paulista. O munic\u00edpio tem ainda PIB per capita de R$ 39.937,48 e IDH de 0,800, classificado como muito alto, o que o coloca entre os 20 melhores do estado de S\u00e3o Paulo.<br \/>\nA recupera\u00e7\u00e3o do mercado de trabalho foi outro ponto abordado. Entre 2017 e 2023, houve uma expans\u00e3o de 38,8% nos empregos formais industriais no munic\u00edpio. Em 2023, foram contabilizados 11.662 empregos formais na ind\u00fastria, com crescimento significativo nos setores de carrocerias de \u00f4nibus, aeroespacial, alimentos, madeira e eletr\u00f4nicos.<br \/>\nA gera\u00e7\u00e3o m\u00e9dia recente \u00e9 de 127 vagas por m\u00eas, resultado de 563 admiss\u00f5es e 436 desligamentos mensais. O munic\u00edpio tamb\u00e9m registra uma m\u00e9dia de 230 novos MEIs abertos por m\u00eas, com mais de 11 mil ativos, demonstrando vitalidade no empreendedorismo local.<br \/>\nNo com\u00e9rcio exterior, os munic\u00edpios da Regional exportaram US$ 801,6 milh\u00f5es entre janeiro e maio de 2025. A pauta exportadora inclui principalmente pastas de madeira (48,1%), sementes e frutos oleaginosos (13,1%) e aeronaves e pe\u00e7as espaciais (7,3%). Os principais destinos s\u00e3o China (59,2%), Estados Unidos (13%) e Alemanha (2,7%).<br \/>\nAs importa\u00e7\u00f5es somaram US$ 209,5 milh\u00f5es, com crescimento de 4,9% no per\u00edodo, concentrando-se em m\u00e1quinas, cereais e bebidas, com origem nos Estados Unidos, Paraguai e Brasil.<br \/>\nPatr\u00edcia destacou ainda o papel da Regional como ponte entre as necessidades das ind\u00fastrias e o ecossistema de desenvolvimento regional. \u201cExpandimos nossa atua\u00e7\u00e3o para al\u00e9m da representa\u00e7\u00e3o institucional. Promovemos encontros estrat\u00e9gicos, escutamos as demandas das empresas, investimos na forma\u00e7\u00e3o de pessoas e constru\u00edmos pontes com o poder p\u00fablico e com entidades parceiras\u201d, refor\u00e7a.<br \/>\nEla finalizou com uma mensagem de reconhecimento e otimismo. \u201cHoje, representamos mais que um marco hist\u00f3rico. Celebramos a for\u00e7a da ind\u00fastria, das pessoas e das parcerias que constroem o progresso. O Ciesp Botucatu segue firme como protagonista do desenvolvimento econ\u00f4mico e social da nossa regi\u00e3o\u201d, completa.<\/p>\n<p><img loading=\"lazy\" decoding=\"async\" src=\"https:\/\/sabuguinho.com.br\/site\/wp-content\/uploads\/2025\/06\/Patricia-entrevista-113x150.jpg\" alt=\"\" width=\"113\" height=\"150\" class=\"alignnone size-medium wp-image-24688\" srcset=\"https:\/\/sabuguinho.com.br\/site\/wp-content\/uploads\/2025\/06\/Patricia-entrevista-113x150.jpg 113w, https:\/\/sabuguinho.com.br\/site\/wp-content\/uploads\/2025\/06\/Patricia-entrevista-384x512.jpg 384w, https:\/\/sabuguinho.com.br\/site\/wp-content\/uploads\/2025\/06\/Patricia-entrevista-768x1024.jpg 768w, https:\/\/sabuguinho.com.br\/site\/wp-content\/uploads\/2025\/06\/Patricia-entrevista-1152x1536.jpg 1152w, https:\/\/sabuguinho.com.br\/site\/wp-content\/uploads\/2025\/06\/Patricia-entrevista-1536x2048.jpg 1536w, https:\/\/sabuguinho.com.br\/site\/wp-content\/uploads\/2025\/06\/Patricia-entrevista-750x1000.jpg 750w, https:\/\/sabuguinho.com.br\/site\/wp-content\/uploads\/2025\/06\/Patricia-entrevista-1140x1520.jpg 1140w, https:\/\/sabuguinho.com.br\/site\/wp-content\/uploads\/2025\/06\/Patricia-entrevista-scaled.jpg 1920w\" sizes=\"(max-width: 113px) 100vw, 113px\" \/><\/p>\n","protected":false},"excerpt":{"rendered":"<p>Conduzido pela diretora titular Patr\u00edcia Dias, o encontro reuniu representantes da imprensa local. Foram apresentados dados que refor\u00e7am a relev\u00e2ncia da ind\u00fastria como motor do desenvolvimento econ\u00f4mico da regi\u00e3o. Na manh\u00e3 desta ter\u00e7a-feira (10), o Ciesp \u2013 Regional Botucatu promoveu uma coletiva de imprensa em comemora\u00e7\u00e3o aos seus 75 anos de atua\u00e7\u00e3o. Conduzido pela diretora [&hellip;]<\/p>\n","protected":false},"author":2,"featured_media":24691,"comment_status":"open","ping_status":"open","sticky":false,"template":"","format":"standard","meta":{"footnotes":""},"categories":[51],"tags":[],"_links":{"self":[{"href":"https:\/\/sabuguinho.com.br\/site\/wp-json\/wp\/v2\/posts\/24687"}],"collection":[{"href":"https:\/\/sabuguinho.com.br\/site\/wp-json\/wp\/v2\/posts"}],"about":[{"href":"https:\/\/sabuguinho.com.br\/site\/wp-json\/wp\/v2\/types\/post"}],"author":[{"embeddable":true,"href":"https:\/\/sabuguinho.com.br\/site\/wp-json\/wp\/v2\/users\/2"}],"replies":[{"embeddable":true,"href":"https:\/\/sabuguinho.com.br\/site\/wp-json\/wp\/v2\/comments?post=24687"}],"version-history":[{"count":1,"href":"https:\/\/sabuguinho.com.br\/site\/wp-json\/wp\/v2\/posts\/24687\/revisions"}],"predecessor-version":[{"id":24692,"href":"https:\/\/sabuguinho.com.br\/site\/wp-json\/wp\/v2\/posts\/24687\/revisions\/24692"}],"wp:featuredmedia":[{"embeddable":true,"href":"https:\/\/sabuguinho.com.br\/site\/wp-json\/wp\/v2\/media\/24691"}],"wp:attachment":[{"href":"https:\/\/sabuguinho.com.br\/site\/wp-json\/wp\/v2\/media?parent=24687"}],"wp:term":[{"taxonomy":"category","embeddable":true,"href":"https:\/\/sabuguinho.com.br\/site\/wp-json\/wp\/v2\/categories?post=24687"},{"taxonomy":"post_tag","embeddable":true,"href":"https:\/\/sabuguinho.com.br\/site\/wp-json\/wp\/v2\/tags?post=24687"}],"curies":[{"name":"wp","href":"https:\/\/api.w.org\/{rel}","templated":true}]}}