{"id":24489,"date":"2025-06-08T10:24:15","date_gmt":"2025-06-08T13:24:15","guid":{"rendered":"https:\/\/sabuguinho.com.br\/site\/?p=24489"},"modified":"2025-06-08T10:24:15","modified_gmt":"2025-06-08T13:24:15","slug":"equipe-economica-apresentara-a-lideres-partidarios-alternativas-a-iof","status":"publish","type":"post","link":"https:\/\/sabuguinho.com.br\/site\/equipe-economica-apresentara-a-lideres-partidarios-alternativas-a-iof\/","title":{"rendered":"Equipe econ\u00f4mica apresentar\u00e1 a l\u00edderes partid\u00e1rios alternativas a IOF"},"content":{"rendered":"<p>Ministro Haddad se encontrar\u00e1 com Hugo Motta e Davi Alcolumbre<\/p>\n<p>Wellton M\u00e1ximo \u2013 Rep\u00f3rter da Ag\u00eancia Brasil<\/p>\n<p>Ap\u00f3s cerca de dez dias de debates, a equipe econ\u00f4mica apresentar\u00e1 neste domingo (7) aos l\u00edderes partid\u00e1rios as alternativas para o decreto que elevou o Imposto sobre Opera\u00e7\u00f5es Financeiras (IOF). O encontro ocorrer\u00e1 na resid\u00eancia oficial do presidente da C\u00e2mara dos Deputados, Hugo Motta, com a presen\u00e7a prevista do ministro da Fazenda, Fernando Haddad, e do presidente do Senado, Davi Alcolumbre.<br \/>\nNa semana passada, Haddad afirmou que o pacote deve incluir um projeto de lei, uma proposta de emenda \u00e0 Constitui\u00e7\u00e3o (PEC) e \u201cprovavelmente\u201d uma medida provis\u00f3ria. Segundo o ministro, a equipe econ\u00f4mica pretende concluir os detalhes das medidas na segunda-feira (9), para apresentar as propostas na ter\u00e7a-feira (10).<br \/>\nNeste s\u00e1bado (7), o presidente da C\u00e2mara, Hugo Motta, defendeu um debate sobre benef\u00edcios fiscais.<br \/>\n\u201cIsen\u00e7\u00f5es essas que chegam a um n\u00famero n\u00e3o mais poss\u00edvel de suportar pelas contas do nosso pa\u00eds. Isen\u00e7\u00f5es essas que n\u00e3o t\u00eam o m\u00ednimo de acompanhamento sobre o retorno e a contrapartida que deve ser dada por quem as recebe \u00e0 nossa sociedade e \u00e0 nossa popula\u00e7\u00e3o\u201d, declarou Motta em evento com empres\u00e1rios e pol\u00edticos em Guaruj\u00e1 (SP).<br \/>\nO deputado tamb\u00e9m defendeu a realiza\u00e7\u00e3o de uma reforma administrativa, mas n\u00e3o entrou em detalhes sobre as propostas.<br \/>\n\u201cModernizar para que, ao menor custo, se consiga entregar servi\u00e7os de mais qualidade \u00e0 nossa popula\u00e7\u00e3o. \u00c9 essa, sem d\u00favida alguma, a principal miss\u00e3o dessa reforma administrativa que queremos para o Estado brasileiro\u201d, acrescentou.<br \/>\nEm entrevista a jornalistas na sa\u00edda do evento, Motta disse que n\u00e3o descarta a possibilidade de pautar a vota\u00e7\u00e3o do projeto que derruba o decreto que aumentou o IOF. Segundo ele, a medida depender\u00e1 do resultado da reuni\u00e3o deste domingo. \u201cVamos amanh\u00e3, ap\u00f3s a apresenta\u00e7\u00e3o das medidas do governo, decidir sobre o PDL [projeto de decreto legislativo], que pode entrar na pauta na pr\u00f3xima ter\u00e7a-feira\u201d, declarou Motta.<\/p>\n<p>Revis\u00e3o do decreto<\/p>\n<p>Na semana passada, Haddad afirmou que parte do decreto que elevou as al\u00edquotas de IOF pode ser revista. Isso, porque somente ap\u00f3s o desenho final das medidas o governo saber\u00e1 o quanto arrecadar\u00e1 para poder compensar a alta do IOF anunciada h\u00e1 duas semanas, sem descumprir a Lei de Responsabilidade Fiscal e o arcabou\u00e7o fiscal.<br \/>\n\u201cPreciso de pelo menos parte das medidas para rever o decreto. Tenho a Lei de Responsabilidade Fiscal, o arcabou\u00e7o [fiscal], uma s\u00e9rie de constrangimentos legais que me imp\u00f5em uma obriga\u00e7\u00e3o que tenho que cumprir. No que diz respeito ao ano que vem, temos liberdade. No que diz respeito a esse ano, preciso aguardar uma reuni\u00e3o com os l\u00edderes para uma defini\u00e7\u00e3o definitiva\u201d, justificou Haddad na \u00faltima ter\u00e7a-feira (3).<\/p>\n","protected":false},"excerpt":{"rendered":"<p>Ministro Haddad se encontrar\u00e1 com Hugo Motta e Davi Alcolumbre Wellton M\u00e1ximo \u2013 Rep\u00f3rter da Ag\u00eancia Brasil Ap\u00f3s cerca de dez dias de debates, a equipe econ\u00f4mica apresentar\u00e1 neste domingo (7) aos l\u00edderes partid\u00e1rios as alternativas para o decreto que elevou o Imposto sobre Opera\u00e7\u00f5es Financeiras (IOF). O encontro ocorrer\u00e1 na resid\u00eancia oficial do presidente [&hellip;]<\/p>\n","protected":false},"author":2,"featured_media":24493,"comment_status":"open","ping_status":"open","sticky":false,"template":"","format":"standard","meta":{"footnotes":""},"categories":[1],"tags":[],"class_list":["post-24489","post","type-post","status-publish","format-standard","has-post-thumbnail","hentry","category-politicas-em-geral"],"_links":{"self":[{"href":"https:\/\/sabuguinho.com.br\/site\/wp-json\/wp\/v2\/posts\/24489","targetHints":{"allow":["GET"]}}],"collection":[{"href":"https:\/\/sabuguinho.com.br\/site\/wp-json\/wp\/v2\/posts"}],"about":[{"href":"https:\/\/sabuguinho.com.br\/site\/wp-json\/wp\/v2\/types\/post"}],"author":[{"embeddable":true,"href":"https:\/\/sabuguinho.com.br\/site\/wp-json\/wp\/v2\/users\/2"}],"replies":[{"embeddable":true,"href":"https:\/\/sabuguinho.com.br\/site\/wp-json\/wp\/v2\/comments?post=24489"}],"version-history":[{"count":1,"href":"https:\/\/sabuguinho.com.br\/site\/wp-json\/wp\/v2\/posts\/24489\/revisions"}],"predecessor-version":[{"id":24494,"href":"https:\/\/sabuguinho.com.br\/site\/wp-json\/wp\/v2\/posts\/24489\/revisions\/24494"}],"wp:featuredmedia":[{"embeddable":true,"href":"https:\/\/sabuguinho.com.br\/site\/wp-json\/wp\/v2\/media\/24493"}],"wp:attachment":[{"href":"https:\/\/sabuguinho.com.br\/site\/wp-json\/wp\/v2\/media?parent=24489"}],"wp:term":[{"taxonomy":"category","embeddable":true,"href":"https:\/\/sabuguinho.com.br\/site\/wp-json\/wp\/v2\/categories?post=24489"},{"taxonomy":"post_tag","embeddable":true,"href":"https:\/\/sabuguinho.com.br\/site\/wp-json\/wp\/v2\/tags?post=24489"}],"curies":[{"name":"wp","href":"https:\/\/api.w.org\/{rel}","templated":true}]}}