{"id":24420,"date":"2025-06-07T13:12:35","date_gmt":"2025-06-07T16:12:35","guid":{"rendered":"https:\/\/sabuguinho.com.br\/site\/?p=24420"},"modified":"2025-06-07T13:12:35","modified_gmt":"2025-06-07T16:12:35","slug":"perto-do-adeus-veja-a-trajetoria-de-igor-vinicius-pelo-sao-paulo-gazeta-esportiva-por-redacao","status":"publish","type":"post","link":"https:\/\/sabuguinho.com.br\/site\/perto-do-adeus-veja-a-trajetoria-de-igor-vinicius-pelo-sao-paulo-gazeta-esportiva-por-redacao\/","title":{"rendered":"Perto do adeus, veja a trajet\u00f3ria de Igor Vin\u00edcius pelo S\u00e3o Paulo Gazeta Esportiva Por Reda\u00e7\u00e3o"},"content":{"rendered":"<p>Por Reda\u00e7\u00e3o<\/p>\n<p>Igor Vinicius est\u00e1 perto de deixar o S\u00e3o Paulo ainda nesta janela de transfer\u00eancias. O lateral direito do Tricolor recebeu sondagens de Corinthians, Santos, Fortaleza e Vasco, com o Tim\u00e3o \u00e0 frente na corrida pela contrata\u00e7\u00e3o. O atleta tem contrato at\u00e9 o final desta temporada e vive momento de baixa vestindo a camisa do clube do Morumbis.<br \/>\nA trajet\u00f3ria de Igor Vin\u00edcius no S\u00e3o Paulo come\u00e7ou em 2019, quando foi contratado por empr\u00e9stimo ap\u00f3s se destacar pela Ponte Preta. Sua estreia aconteceu em fevereiro daquele ano, em uma vit\u00f3ria por 1 a 0 sobre o S\u00e3o Bento, pelo Campeonato Paulista. Ao longo da temporada, atuou em 29 partidas, marcou um gol e deu duas assist\u00eancias. O bom desempenho fez com que o S\u00e3o Paulo investisse R$ 2 milh\u00f5es para contrat\u00e1-lo em definitivo no fim do ano.<br \/>\nEm 2020, j\u00e1 sob o comando de Fernando Diniz, Igor ganhou mais minutos e disputou 34 partidas, contribuindo com tr\u00eas assist\u00eancias, embora sem balan\u00e7ar as redes. O ano seguinte marcou o primeiro t\u00edtulo de sua carreira: o Campeonato Paulista de 2021, conquistado sobre o Palmeiras no Morumbi. Naquela temporada, o lateral teve participa\u00e7\u00e3o efetiva, com dois gols, cinco assist\u00eancias e boas atua\u00e7\u00f5es nas finais.<br \/>\nMas foi em 2022 que Igor Vin\u00edcius viveu sua melhor fase. Apesar de come\u00e7ar o ano como reserva de Rafinha, recuperou o espa\u00e7o e se destacou tanto defensivamente quanto no apoio ao ataque. Foram 48 jogos, quatro gols e sete assist\u00eancias, al\u00e9m de participa\u00e7\u00f5es decisivas na Copa Sul-Americana &#8211; em que o S\u00e3o Paulo chegou \u00e0 final. O desempenho rendeu ao lateral o posto de o lateral direito com mais participa\u00e7\u00f5es em gols no Brasil naquele ano.<br \/>\nNo entanto, a ascens\u00e3o foi interrompida em 2023. Logo na segunda rodada do Paulist\u00e3o, Igor sofreu uma pubalgia, les\u00e3o que exigiu cirurgia e o tirou de combate pelo restante da temporada. Mesmo sem atuar, fez parte do elenco campe\u00e3o da Copa do Brasil, conquistando o seu segundo t\u00edtulo com a camisa tricolor.<br \/>\nRecuperado, voltou a ser utilizado em 2024. Disputou 47 partidas no time campe\u00e3o da Supercopa do Brasil e deu quatro assist\u00eancias, tentando recuperar o ritmo ap\u00f3s um ano afastado. Mas em 2025, sob comando de Zubeld\u00eda, perdeu espa\u00e7o novamente. Poucu tilizado pelo argentino, Igor participou de apenas 14 jogos e deu uma assist\u00eancia antes de ser afastado para tratar uma nova les\u00e3o, desta vez nas costas.<br \/>\nAo todo, segundo o Transfermakt, Igor Vin\u00edcius somou 214 jogos com a camisa do S\u00e3o Paulo, marcando 7 gols e distribuindo 23 assist\u00eancias. O lateral, como dito, tem contrato at\u00e9 dezembro de 2025, mas possui um acordo com a diretoria para deixar o clube j\u00e1 nesta janela de transfer\u00eancias do meio do ano, de gra\u00e7a, como dono de seus direitos econ\u00f4micos, o que facilitaria para o clube que pretende contrat\u00e1-lo.<\/p>\n","protected":false},"excerpt":{"rendered":"<p>Por Reda\u00e7\u00e3o Igor Vinicius est\u00e1 perto de deixar o S\u00e3o Paulo ainda nesta janela de transfer\u00eancias. O lateral direito do Tricolor recebeu sondagens de Corinthians, Santos, Fortaleza e Vasco, com o Tim\u00e3o \u00e0 frente na corrida pela contrata\u00e7\u00e3o. O atleta tem contrato at\u00e9 o final desta temporada e vive momento de baixa vestindo a camisa [&hellip;]<\/p>\n","protected":false},"author":2,"featured_media":24423,"comment_status":"open","ping_status":"open","sticky":false,"template":"","format":"standard","meta":{"footnotes":""},"categories":[45],"tags":[],"class_list":["post-24420","post","type-post","status-publish","format-standard","has-post-thumbnail","hentry","category-esportes"],"_links":{"self":[{"href":"https:\/\/sabuguinho.com.br\/site\/wp-json\/wp\/v2\/posts\/24420","targetHints":{"allow":["GET"]}}],"collection":[{"href":"https:\/\/sabuguinho.com.br\/site\/wp-json\/wp\/v2\/posts"}],"about":[{"href":"https:\/\/sabuguinho.com.br\/site\/wp-json\/wp\/v2\/types\/post"}],"author":[{"embeddable":true,"href":"https:\/\/sabuguinho.com.br\/site\/wp-json\/wp\/v2\/users\/2"}],"replies":[{"embeddable":true,"href":"https:\/\/sabuguinho.com.br\/site\/wp-json\/wp\/v2\/comments?post=24420"}],"version-history":[{"count":1,"href":"https:\/\/sabuguinho.com.br\/site\/wp-json\/wp\/v2\/posts\/24420\/revisions"}],"predecessor-version":[{"id":24425,"href":"https:\/\/sabuguinho.com.br\/site\/wp-json\/wp\/v2\/posts\/24420\/revisions\/24425"}],"wp:attachment":[{"href":"https:\/\/sabuguinho.com.br\/site\/wp-json\/wp\/v2\/media?parent=24420"}],"wp:term":[{"taxonomy":"category","embeddable":true,"href":"https:\/\/sabuguinho.com.br\/site\/wp-json\/wp\/v2\/categories?post=24420"},{"taxonomy":"post_tag","embeddable":true,"href":"https:\/\/sabuguinho.com.br\/site\/wp-json\/wp\/v2\/tags?post=24420"}],"curies":[{"name":"wp","href":"https:\/\/api.w.org\/{rel}","templated":true}]}}