{"id":24408,"date":"2025-06-07T12:04:33","date_gmt":"2025-06-07T15:04:33","guid":{"rendered":"https:\/\/sabuguinho.com.br\/site\/?p=24408"},"modified":"2025-06-07T12:04:33","modified_gmt":"2025-06-07T15:04:33","slug":"vitoria-miranda-e-campea-juvenil-de-simples-e-duplas-em-roland-garros","status":"publish","type":"post","link":"https:\/\/sabuguinho.com.br\/site\/vitoria-miranda-e-campea-juvenil-de-simples-e-duplas-em-roland-garros\/","title":{"rendered":"Vit\u00f3ria Miranda \u00e9 campe\u00e3 juvenil de simples e duplas em Roland Garros"},"content":{"rendered":"<p>Este \u00e9 o segundo t\u00edtulo de Grand Slam da tenista paral\u00edmpica este <\/p>\n<p>A tenista em cadeira de rodas Vitoria Miranda \u00e9 a mais nova campe\u00e3 j\u00fanior de simples e de duplas de Roland Garros (Fran\u00e7a).  A brasileira de 17 anos repetiu o desempenho do in\u00edcio da temporada, quando tamb\u00e9m faturou dois t\u00edtulos no Aberto da Austr\u00e1lia.  E as finais nesta sexta-feira (6) no saibro parisiense reeditaram as decis\u00f5es do primeiro Grand Slam do ano, em Melbourne. Atual n\u00famero 1 do mundo no ranking juvenil \u2013 e 17\u00aa entre as tenistas profissionais \u2013, a brasileira imp\u00f4s nova derrota \u00e0 norte-americana Sabina Czauz,: por 2 sets a 0 (parciais de 6\/3, e 6\/2), em apenas 59 minutos de partida.<br \/>\nNa sequ\u00eancia, Vit\u00f3ria voltou \u00e0 quadra ao lado da belga Luna Grup, com quem j\u00e1 fora campe\u00e3 de duplas na Austr\u00e1lia em janeiro. Diferentemente da final em Melbourne. quando jogou em parceria com a let\u00e2 Alina Mosko, a advers\u00e1ria norte-americana competiu hoje (6) com a sueca Emma Gjerseth. A mudan\u00e7a, no entanto, n\u00e3o surtiu efeito. A dupla de Vit\u00f3ria e Luna levantou a segunda ta\u00e7a do dia, ap\u00f3s vit\u00f3ria por 2 sets a 0 (6\/3 e 6\/2).<br \/>\n\u201cEstou muito feliz com os meus t\u00edtulos! Consegui colocar em pr\u00e1tica tudo o que venho treinando. Quando entrei em quadra, j\u00e1 sabia que era o meu momento. Todas as vezes que perdi para ela, eu perdi antes para mim mesma, e decidi que desta vez isso n\u00e3o aconteceria. Nas duplas, tamb\u00e9m deu tudo certo\u201d, comemorou Vit\u00f3ria, em d<br \/>\nepoimento \u00e0 Confedera\u00e7\u00e3o Brasileira de T\u00eanis (CBT).<br \/>\nO \u00f3timo in\u00edcio de temporada coloca a mineira Vit\u00f3ria Miranda entre os tenistas que sonham em conquistar o t\u00edtulo do Grand Slam: quando o atleta vence os quatro principais torneios de t\u00eanis da temporada (Aberto da Austr\u00e1lia, Roland Garrros, Wimbledon e US Open). .<\/p>\n<p>\u201cO t\u00eanis em cadeira de rodas brasileiro vive um momento de afirma\u00e7\u00e3o e conquistas hist\u00f3ricas. Vit\u00f3ria Miranda brilhou mais uma vez e sagrou-se campe\u00e3 de Roland Garros nas categorias de simples e duplas, consolidando-se como um dos grandes nomes do circuito juvenil internacional. Uma performance irretoc\u00e1vel, que emociona e orgulha a todos que acompanham sua trajet\u00f3ria\u201d, disse Alexandre Farias, presidente da CBT.<br \/>\nNa disputa masculina, o mineiro Luiz Calixto foi finalista tanto na chave de simples quanto na de duplas, mas ficou com o vice-campeonato em ambas. Na disputa individual, Calixto foi superado pelo austr\u00edaco Maximilian Taucher por 2 sets a 0 (3\/6 e 0\/6). Na decis\u00e3o de duplas, Calixto e o companheiro belga Alexander Lantermann perderam para a dupla  do norte-americano Charlie Cooper com o austr\u00edaco Maximilian Taucher por 2 sets a 0 (4\/6 e 0\/6).<\/p>\n","protected":false},"excerpt":{"rendered":"<p>Este \u00e9 o segundo t\u00edtulo de Grand Slam da tenista paral\u00edmpica este A tenista em cadeira de rodas Vitoria Miranda \u00e9 a mais nova campe\u00e3 j\u00fanior de simples e de duplas de Roland Garros (Fran\u00e7a). A brasileira de 17 anos repetiu o desempenho do in\u00edcio da temporada, quando tamb\u00e9m faturou dois t\u00edtulos no Aberto da [&hellip;]<\/p>\n","protected":false},"author":2,"featured_media":24409,"comment_status":"open","ping_status":"open","sticky":false,"template":"","format":"standard","meta":{"footnotes":""},"categories":[45],"tags":[],"class_list":["post-24408","post","type-post","status-publish","format-standard","has-post-thumbnail","hentry","category-esportes"],"_links":{"self":[{"href":"https:\/\/sabuguinho.com.br\/site\/wp-json\/wp\/v2\/posts\/24408","targetHints":{"allow":["GET"]}}],"collection":[{"href":"https:\/\/sabuguinho.com.br\/site\/wp-json\/wp\/v2\/posts"}],"about":[{"href":"https:\/\/sabuguinho.com.br\/site\/wp-json\/wp\/v2\/types\/post"}],"author":[{"embeddable":true,"href":"https:\/\/sabuguinho.com.br\/site\/wp-json\/wp\/v2\/users\/2"}],"replies":[{"embeddable":true,"href":"https:\/\/sabuguinho.com.br\/site\/wp-json\/wp\/v2\/comments?post=24408"}],"version-history":[{"count":1,"href":"https:\/\/sabuguinho.com.br\/site\/wp-json\/wp\/v2\/posts\/24408\/revisions"}],"predecessor-version":[{"id":24410,"href":"https:\/\/sabuguinho.com.br\/site\/wp-json\/wp\/v2\/posts\/24408\/revisions\/24410"}],"wp:featuredmedia":[{"embeddable":true,"href":"https:\/\/sabuguinho.com.br\/site\/wp-json\/wp\/v2\/media\/24409"}],"wp:attachment":[{"href":"https:\/\/sabuguinho.com.br\/site\/wp-json\/wp\/v2\/media?parent=24408"}],"wp:term":[{"taxonomy":"category","embeddable":true,"href":"https:\/\/sabuguinho.com.br\/site\/wp-json\/wp\/v2\/categories?post=24408"},{"taxonomy":"post_tag","embeddable":true,"href":"https:\/\/sabuguinho.com.br\/site\/wp-json\/wp\/v2\/tags?post=24408"}],"curies":[{"name":"wp","href":"https:\/\/api.w.org\/{rel}","templated":true}]}}