{"id":24397,"date":"2025-06-07T11:28:42","date_gmt":"2025-06-07T14:28:42","guid":{"rendered":"https:\/\/sabuguinho.com.br\/site\/?p=24397"},"modified":"2025-06-07T11:28:42","modified_gmt":"2025-06-07T14:28:42","slug":"camara-autoriza-licenca-de-127-dias-a-deputada-carla-zambelli","status":"publish","type":"post","link":"https:\/\/sabuguinho.com.br\/site\/camara-autoriza-licenca-de-127-dias-a-deputada-carla-zambelli\/","title":{"rendered":"C\u00e2mara autoriza licen\u00e7a de 127 dias \u00e0 deputada Carla Zambelli"},"content":{"rendered":"<p>A C\u00e2mara dos Deputados autorizou, na quinta-feira (5), o pedido de licen\u00e7a n\u00e3o remunerada da deputada Carla Zambelli (PL-SP) apresentado no dia 29, 6 dias antes da parlamentar, condenada a 10 anos de pris\u00e3o pelo Supremo Tribunal Federal (STF), tornar p\u00fablico que havia deixado o Brasil.<br \/>\nAssinada pelo presidente da Casa, deputado Hugo Motta (Republicanos-PB), e publicada no Di\u00e1rio Oficial da C\u00e2mara, a licen\u00e7a totaliza 127 dias, contados a partir do dia 29, sendo 7 dias para que Zambelli se submeta a um tratamento de sa\u00fade, n\u00e3o especificado, e 120 dias para que ela trate de assuntos de \u201cinteresse particular\u201d.<br \/>\nDurante a aus\u00eancia de Zambelli, o mandato ser\u00e1 exercido por seu suplente, Coronel Tadeu (PL-SP), que j\u00e1 exerceu mandato de deputado federal de 2019 a 2023.<br \/>\nO suplente de Zambelli j\u00e1 recebeu uma advert\u00eancia verbal do Conselho de \u00c9tica e Decoro Parlamentar da C\u00e2mara por ter quebrado, em novembro de 2019, uma placa alusiva ao assassinato de pessoas negras no Brasil. A pe\u00e7a fazia parte da exposi\u00e7\u00e3o (Re)exisitr no Brasil: Trajet\u00f3rias Negras Brasileiras, na C\u00e2mara.<br \/>\nTadeu deve permanecer no cargo, uma vez que, al\u00e9m de condenar Zambelli \u00e0 pris\u00e3o pela invas\u00e3o do sistema eletr\u00f4nico do Conselho Nacional de Justi\u00e7a (CNJ) e divulga\u00e7\u00e3o de documentos falsos, a Primeira Turma do STF tamb\u00e9m decretou a perda do mandato da parlamentar, ap\u00f3s o julgamento de todos os recursos legais.<br \/>\nNesta sexta-feira (6), a Primeira Turma do STF rejeitou, por unanimidade, o recurso que a parlamentar apresentou contra sua condena\u00e7\u00e3o. Agora, a pris\u00e3o preventiva de Zambelli, determinada por Alexandre de Moraes ap\u00f3s ela deixar o pa\u00eds, deve ser convertida em pris\u00e3o para o cumprimento de pena. J\u00e1 a perda do mandato depende de ato declarat\u00f3rio da Mesa Diretora da C\u00e2mara.<br \/>\nAp\u00f3s deixar o Brasil, e ainda nos Estados Unidos, Zambelli revelou que pretendia se estabelecer em algum pa\u00eds da Europa, de onde seguiria atuando para, em suas palavras, \u201cdenunciar a ditadura que o Brasil enfrenta hoje\u201d.<br \/>\nNa quarta-feira (4), um dia ap\u00f3s Zambelli confirmar que estava fora do pa\u00eds, o ministro do Supremo Alexandre de Moraes decretou, entre outras medidas, sua pris\u00e3o; o bloqueio do sal\u00e1rio, bem como verbas parlamentares para seu gabinete, e a inclus\u00e3o do perfil da deputada na lista de difus\u00e3o vermelha da Interpol, o que faz dela uma fugitiva internacional.<br \/>\nO nome da deputada foi inclu\u00eddo na rela\u00e7\u00e3o de procurados pela Interpol na quinta-feira, pouco ap\u00f3s ela ingressar em territ\u00f3rio italiano.<br \/>\nA It\u00e1lia, conforme a pr\u00f3pria parlamentar comentou na ter\u00e7a-feira, \u00e9 um dos pa\u00edses europeus onde ela planeja se estabelecer por ter cidadania italiana.<\/p>\n<p>Fonte: Ag\u00eancia Brasil \u2013 Foto: Lula Marques\/Ag\u00eancia Brasil<\/p>\n","protected":false},"excerpt":{"rendered":"<p>A C\u00e2mara dos Deputados autorizou, na quinta-feira (5), o pedido de licen\u00e7a n\u00e3o remunerada da deputada Carla Zambelli (PL-SP) apresentado no dia 29, 6 dias antes da parlamentar, condenada a 10 anos de pris\u00e3o pelo Supremo Tribunal Federal (STF), tornar p\u00fablico que havia deixado o Brasil. Assinada pelo presidente da Casa, deputado Hugo Motta (Republicanos-PB), [&hellip;]<\/p>\n","protected":false},"author":2,"featured_media":24395,"comment_status":"open","ping_status":"open","sticky":false,"template":"","format":"standard","meta":{"footnotes":""},"categories":[1],"tags":[],"class_list":["post-24397","post","type-post","status-publish","format-standard","has-post-thumbnail","hentry","category-politicas-em-geral"],"_links":{"self":[{"href":"https:\/\/sabuguinho.com.br\/site\/wp-json\/wp\/v2\/posts\/24397","targetHints":{"allow":["GET"]}}],"collection":[{"href":"https:\/\/sabuguinho.com.br\/site\/wp-json\/wp\/v2\/posts"}],"about":[{"href":"https:\/\/sabuguinho.com.br\/site\/wp-json\/wp\/v2\/types\/post"}],"author":[{"embeddable":true,"href":"https:\/\/sabuguinho.com.br\/site\/wp-json\/wp\/v2\/users\/2"}],"replies":[{"embeddable":true,"href":"https:\/\/sabuguinho.com.br\/site\/wp-json\/wp\/v2\/comments?post=24397"}],"version-history":[{"count":1,"href":"https:\/\/sabuguinho.com.br\/site\/wp-json\/wp\/v2\/posts\/24397\/revisions"}],"predecessor-version":[{"id":24398,"href":"https:\/\/sabuguinho.com.br\/site\/wp-json\/wp\/v2\/posts\/24397\/revisions\/24398"}],"wp:featuredmedia":[{"embeddable":true,"href":"https:\/\/sabuguinho.com.br\/site\/wp-json\/wp\/v2\/media\/24395"}],"wp:attachment":[{"href":"https:\/\/sabuguinho.com.br\/site\/wp-json\/wp\/v2\/media?parent=24397"}],"wp:term":[{"taxonomy":"category","embeddable":true,"href":"https:\/\/sabuguinho.com.br\/site\/wp-json\/wp\/v2\/categories?post=24397"},{"taxonomy":"post_tag","embeddable":true,"href":"https:\/\/sabuguinho.com.br\/site\/wp-json\/wp\/v2\/tags?post=24397"}],"curies":[{"name":"wp","href":"https:\/\/api.w.org\/{rel}","templated":true}]}}