{"id":24382,"date":"2025-06-06T20:06:35","date_gmt":"2025-06-06T23:06:35","guid":{"rendered":"https:\/\/sabuguinho.com.br\/site\/?p=24382"},"modified":"2025-06-06T20:06:35","modified_gmt":"2025-06-06T23:06:35","slug":"prefeita-de-marituba-comenta-video-de-biquini-o-corpo-de-uma-mulher-incomoda-mais-do-que-a-corrupcao","status":"publish","type":"post","link":"https:\/\/sabuguinho.com.br\/site\/prefeita-de-marituba-comenta-video-de-biquini-o-corpo-de-uma-mulher-incomoda-mais-do-que-a-corrupcao\/","title":{"rendered":"Prefeita de Marituba comenta v\u00eddeo de biqu\u00edni: \u2018o corpo de uma mulher incomoda mais do que a corrup\u00e7\u00e3o\u2019"},"content":{"rendered":"<p>De acordo com a gestora, as imagens foram publicadas em perfil privado do Instagram com cerca de 185 seguidores; depois, algu\u00e9m gravou a tela e compartilhou o v\u00eddeo<\/p>\n<p>Itatiaia<\/p>\n<p>A prefeita de Marituba, na regi\u00e3o metropolitana de Bel\u00e9m, no Par\u00e1, Patr\u00edcia Alencar (MDB), se disse \u201ctra\u00edda\u201d ap\u00f3s um v\u00eddeo em que ela aparece dan\u00e7ando de biqu\u00edni ter \u201cvazado\u201d de um perfil privado e viralizado nas redes sociais na quinta-feira (5)<br \/>\n\u201cMe senti extremamente violada, porque esse v\u00eddeo foi h\u00e1 15 dias, em Instagram privado, onde escolhi os seguidores a dedo e onde mostro momentos da Patr\u00edcia longe do trabalho, nada envolvendo meu profissionalismo, e eu fui tra\u00edda por uma pessoa que estava nesse perfil\u201d, disse ela em entrevista ao g1, publicada nesta sexta-feira (6).<br \/>\nDe acordo com a gestora, as imagens foram divulgadas em perfil privado do Instagram com cerca de 185 seguidores. Depois, algu\u00e9m gravou a tela e compartilhou o v\u00eddeo sem autoriza\u00e7\u00e3o. Com a repercuss\u00e3o, ela chegou a publicar as imagens em seu perfil principal, com mais de 875 mil seguidores, e reagiu \u00e0s cr\u00edticas: \u201cmulher pode ser trabalhadora, m\u00e3e e bonitinha\u201d. \u201c\u00c9gua do machismo, evoluam\u201d, disparou.<br \/>\nAinda em entrevista ao g1, a prefeita afirmou que \u201co corpo de uma mulher incomoda mais do que a corrup\u00e7\u00e3o, a inefici\u00eancia ou o descaso na pol\u00edtica\u201d. \u201cQuando um homem se diverte ou relaxa, \u00e9 visto como aut\u00eantico. Mas, quando se trata de uma mulher, ela \u00e9 julgada, como se isso anulasse sua compet\u00eancia\u201d, concluiu.<br \/>\nPatr\u00edcia Alencar foi reeleita prefeita da cidade na regi\u00e3o metropolitana de Bel\u00e9m com 71,50% dos votos v\u00e1lidos no pleito do ano passado. Everaldo Aleixo (Podemos) ficou em segundo lugar, com 18,11% dos votos, segundo o Tribunal Superior Eleitoral (TSE).<br \/>\nEmpres\u00e1ria, Patr\u00edcia nasceu no interior de Pernambuco, em Bodoc\u00f3, e mora na cidade h\u00e1 16 anos. Em 2020, ela decidiu se candidatar \u00e0s elei\u00e7\u00f5es com pautas focadas na mulher, na juventude e na gera\u00e7\u00e3o de emprego e renda.<\/p>\n<p>L3genda<br \/>\nPrefeita havia publicado o v\u00eddeo em suas redes pessoais, mas ele acabou vazando<\/p>\n","protected":false},"excerpt":{"rendered":"<p>De acordo com a gestora, as imagens foram publicadas em perfil privado do Instagram com cerca de 185 seguidores; depois, algu\u00e9m gravou a tela e compartilhou o v\u00eddeo Itatiaia A prefeita de Marituba, na regi\u00e3o metropolitana de Bel\u00e9m, no Par\u00e1, Patr\u00edcia Alencar (MDB), se disse \u201ctra\u00edda\u201d ap\u00f3s um v\u00eddeo em que ela aparece dan\u00e7ando de [&hellip;]<\/p>\n","protected":false},"author":2,"featured_media":24383,"comment_status":"open","ping_status":"open","sticky":false,"template":"","format":"standard","meta":{"footnotes":""},"categories":[1],"tags":[],"class_list":["post-24382","post","type-post","status-publish","format-standard","has-post-thumbnail","hentry","category-politicas-em-geral"],"_links":{"self":[{"href":"https:\/\/sabuguinho.com.br\/site\/wp-json\/wp\/v2\/posts\/24382","targetHints":{"allow":["GET"]}}],"collection":[{"href":"https:\/\/sabuguinho.com.br\/site\/wp-json\/wp\/v2\/posts"}],"about":[{"href":"https:\/\/sabuguinho.com.br\/site\/wp-json\/wp\/v2\/types\/post"}],"author":[{"embeddable":true,"href":"https:\/\/sabuguinho.com.br\/site\/wp-json\/wp\/v2\/users\/2"}],"replies":[{"embeddable":true,"href":"https:\/\/sabuguinho.com.br\/site\/wp-json\/wp\/v2\/comments?post=24382"}],"version-history":[{"count":1,"href":"https:\/\/sabuguinho.com.br\/site\/wp-json\/wp\/v2\/posts\/24382\/revisions"}],"predecessor-version":[{"id":24384,"href":"https:\/\/sabuguinho.com.br\/site\/wp-json\/wp\/v2\/posts\/24382\/revisions\/24384"}],"wp:featuredmedia":[{"embeddable":true,"href":"https:\/\/sabuguinho.com.br\/site\/wp-json\/wp\/v2\/media\/24383"}],"wp:attachment":[{"href":"https:\/\/sabuguinho.com.br\/site\/wp-json\/wp\/v2\/media?parent=24382"}],"wp:term":[{"taxonomy":"category","embeddable":true,"href":"https:\/\/sabuguinho.com.br\/site\/wp-json\/wp\/v2\/categories?post=24382"},{"taxonomy":"post_tag","embeddable":true,"href":"https:\/\/sabuguinho.com.br\/site\/wp-json\/wp\/v2\/tags?post=24382"}],"curies":[{"name":"wp","href":"https:\/\/api.w.org\/{rel}","templated":true}]}}