{"id":24337,"date":"2025-06-06T13:02:04","date_gmt":"2025-06-06T16:02:04","guid":{"rendered":"https:\/\/sabuguinho.com.br\/site\/?p=24337"},"modified":"2025-06-06T13:02:04","modified_gmt":"2025-06-06T16:02:04","slug":"fluminense-envia-proposta-para-tirar-soteldo-do-santos","status":"publish","type":"post","link":"https:\/\/sabuguinho.com.br\/site\/fluminense-envia-proposta-para-tirar-soteldo-do-santos\/","title":{"rendered":"Fluminense envia proposta para tirar Soteldo do Santos"},"content":{"rendered":"<p>O Santos recebeu uma proposta do Fluminense por Yeferson Soteldo. O clube carioca tem o interesse em comprar o meia-atacante de 27 anos, mas os paulistas n\u00e3o devem facilitar a transa\u00e7\u00e3o.<br \/>\nA informa\u00e7\u00e3o foi inicialmente divulgada pelo portal venezuelano Solovenex e confirmada pela Gazeta Esportiva.<br \/>\nFluminense \u00e9 refor\u00e7ar o seu elenco para o Mundial de Clubes da Fifa, que come\u00e7a no dia 14 de junho. O Tricolor estreia no dia 17, contra o Borussia Dortmund, da Alemanha. O embate ser\u00e1 no MetLife Stadium, em Nova J\u00e9rsei, nos Estados Unidos, \u00e0s 13 horas (de Bras\u00edlia).<br \/>\nSoteldo est\u00e1 na sua terceira passagem pelo Santos. O venezuelano chegou ao clube em 2019 e caiu nas gra\u00e7as da torcida. Em 2021, partiu para o Toronto, do Canad\u00e1. Depois, passou pelo Tigres, do M\u00e9xico, antes de voltar ao Peixe em meados de 2022.<br \/>\nJ\u00e1 em 2024, ap\u00f3s o rebaixamento do Alvinegro Praiano para a S\u00e9rie B do Campeonato Brasileiro, o meia-atacante foi emprestado para o Gr\u00eamio, movimenta\u00e7\u00e3o que irritou parte dos f\u00e3s santistas. No come\u00e7o deste ano, ent\u00e3o, ele voltou \u00e0 Vila Belmiro.<br \/>\nAtualmente, Soteldo \u00e9 titular da equipe de Cleber Xavier, mas ficou de fora dos \u00faltimos jogos por conta de uma les\u00e3o muscular. Nesta temporada, soma 17 partidas e duas assist\u00eancias pelo Santos.<\/p>\n","protected":false},"excerpt":{"rendered":"<p>O Santos recebeu uma proposta do Fluminense por Yeferson Soteldo. O clube carioca tem o interesse em comprar o meia-atacante de 27 anos, mas os paulistas n\u00e3o devem facilitar a transa\u00e7\u00e3o. A informa\u00e7\u00e3o foi inicialmente divulgada pelo portal venezuelano Solovenex e confirmada pela Gazeta Esportiva. Fluminense \u00e9 refor\u00e7ar o seu elenco para o Mundial de [&hellip;]<\/p>\n","protected":false},"author":2,"featured_media":24340,"comment_status":"open","ping_status":"open","sticky":false,"template":"","format":"standard","meta":{"footnotes":""},"categories":[45],"tags":[],"class_list":["post-24337","post","type-post","status-publish","format-standard","has-post-thumbnail","hentry","category-esportes"],"_links":{"self":[{"href":"https:\/\/sabuguinho.com.br\/site\/wp-json\/wp\/v2\/posts\/24337","targetHints":{"allow":["GET"]}}],"collection":[{"href":"https:\/\/sabuguinho.com.br\/site\/wp-json\/wp\/v2\/posts"}],"about":[{"href":"https:\/\/sabuguinho.com.br\/site\/wp-json\/wp\/v2\/types\/post"}],"author":[{"embeddable":true,"href":"https:\/\/sabuguinho.com.br\/site\/wp-json\/wp\/v2\/users\/2"}],"replies":[{"embeddable":true,"href":"https:\/\/sabuguinho.com.br\/site\/wp-json\/wp\/v2\/comments?post=24337"}],"version-history":[{"count":1,"href":"https:\/\/sabuguinho.com.br\/site\/wp-json\/wp\/v2\/posts\/24337\/revisions"}],"predecessor-version":[{"id":24341,"href":"https:\/\/sabuguinho.com.br\/site\/wp-json\/wp\/v2\/posts\/24337\/revisions\/24341"}],"wp:featuredmedia":[{"embeddable":true,"href":"https:\/\/sabuguinho.com.br\/site\/wp-json\/wp\/v2\/media\/24340"}],"wp:attachment":[{"href":"https:\/\/sabuguinho.com.br\/site\/wp-json\/wp\/v2\/media?parent=24337"}],"wp:term":[{"taxonomy":"category","embeddable":true,"href":"https:\/\/sabuguinho.com.br\/site\/wp-json\/wp\/v2\/categories?post=24337"},{"taxonomy":"post_tag","embeddable":true,"href":"https:\/\/sabuguinho.com.br\/site\/wp-json\/wp\/v2\/tags?post=24337"}],"curies":[{"name":"wp","href":"https:\/\/api.w.org\/{rel}","templated":true}]}}