{"id":24326,"date":"2025-06-06T11:51:02","date_gmt":"2025-06-06T14:51:02","guid":{"rendered":"https:\/\/sabuguinho.com.br\/site\/?p=24326"},"modified":"2025-06-06T11:51:02","modified_gmt":"2025-06-06T14:51:02","slug":"camara-institui-a-semana-municipal-djanira-da-motta-e-silva","status":"publish","type":"post","link":"https:\/\/sabuguinho.com.br\/site\/camara-institui-a-semana-municipal-djanira-da-motta-e-silva\/","title":{"rendered":"C\u00e2mara institui a Semana Municipal Djanira da Motta e Silva"},"content":{"rendered":"<p>Agora de forma oficial, a C\u00e2mara de Vereadores da Est\u00e2ncia Tur\u00edstica de Avar\u00e9 aprovou a institui\u00e7\u00e3o da \u201cSemana Municipal Djanira da Motta e Silva\u201d, iniciativa de autoria do vereador Francisco Barreto de Monte Neto que tem por objetivo reconhecer a import\u00e2ncia de uma das maiores artistas pl\u00e1sticas do Brasil.<br \/>\nNo pr\u00f3ximo dia 20 de junho comemora-se o 111\u00ba anivers\u00e1rio de nascimento da pintora avareense (1914-1979), data que a partir de agora dever\u00e1 ser oficialmente festejada na cidade com atividades educativas nas escolas, exposi\u00e7\u00f5es, rodas de conversa, oficinas e a\u00e7\u00f5es culturais que fa\u00e7am jus \u00e0 grandeza da artista.<br \/>\n\u201cA pintora Djanira teve o seu reconhecimento merecido em outras ocasi\u00f5es, como em 2018, quando a prefeitura contou com apoio da iniciativa privada para promover uma semana dedicada \u00e0 artista. Mas de l\u00e1 para c\u00e1 n\u00e3o foi realizado mais nenhum tipo de movimento alusivo \u00e0 Djanira, por isso a necessidade de instituir atrav\u00e9s de lei uma semana dedicada a ela que foi sem d\u00favida uma das personalidades mais marcantes da hist\u00f3ria de Avar\u00e9. E por falta de iniciativas assim, muita gente, principalmente os mais jovens, ainda a n\u00e3o conhece a pintora\u201d, argumenta o vereador Barreto.<br \/>\nAl\u00e9m da promo\u00e7\u00e3o de atividades alusivas, o autor do projeto sugere que a Semana Municipal Djanira tamb\u00e9m seja inclu\u00edda no curr\u00edculo da educa\u00e7\u00e3o b\u00e1sica e fundamental do munic\u00edpio. \u201cDjanira nasceu em Avar\u00e9, e \u00e9 nossa responsabilidade reconhecer e celebrar sua contribui\u00e7\u00e3o n\u00e3o apenas como um feito individual, mas como um orgulho coletivo do povo avareense\u201d, ressalta Barreto.<\/p>\n<p>Memorial Djanira<\/p>\n<p>Para quem desconhece, o vereador Barreto cita que Avar\u00e9 possui um memorial dedicado \u00e0 Djanira, instalado na \u00e1rea do Centro Avareense de Integra\u00e7\u00e3o Cultural (CAIC). espa\u00e7o que funciona como centro de divulga\u00e7\u00e3o e pesquisa sobre a pintora avareense. O local tem sob sua guarda, pe\u00e7as e utens\u00edlios do ateli\u00ea da artista que se projetou no Rio de Janeiro.<br \/>\nVisitado tamb\u00e9m por turistas, o Memorial \u00e9 dedicado \u00e0 preserva\u00e7\u00e3o e pesquisa de obras, documentos e fotografias, roupas, livros, pr\u00eamios e instrumentos musicais de Djanira. Mant\u00e9m, ainda, exposi\u00e7\u00e3o permanente de seus objetos pessoais e trabalhos art\u00edsticos, como desenhos, serigrafias e xilogravuras.<\/p>\n<p>legenda: Iniciativa tem por objetivo reconhecer oficialmente a import\u00e2ncia de uma das maiores artistas pl\u00e1sticas do Brasil<\/p>\n<p>Fonte da Foto: Assessoria<\/p>\n","protected":false},"excerpt":{"rendered":"<p>Agora de forma oficial, a C\u00e2mara de Vereadores da Est\u00e2ncia Tur\u00edstica de Avar\u00e9 aprovou a institui\u00e7\u00e3o da \u201cSemana Municipal Djanira da Motta e Silva\u201d, iniciativa de autoria do vereador Francisco Barreto de Monte Neto que tem por objetivo reconhecer a import\u00e2ncia de uma das maiores artistas pl\u00e1sticas do Brasil. No pr\u00f3ximo dia 20 de junho [&hellip;]<\/p>\n","protected":false},"author":2,"featured_media":24327,"comment_status":"open","ping_status":"open","sticky":false,"template":"","format":"standard","meta":{"footnotes":""},"categories":[1],"tags":[],"class_list":["post-24326","post","type-post","status-publish","format-standard","has-post-thumbnail","hentry","category-politicas-em-geral"],"_links":{"self":[{"href":"https:\/\/sabuguinho.com.br\/site\/wp-json\/wp\/v2\/posts\/24326","targetHints":{"allow":["GET"]}}],"collection":[{"href":"https:\/\/sabuguinho.com.br\/site\/wp-json\/wp\/v2\/posts"}],"about":[{"href":"https:\/\/sabuguinho.com.br\/site\/wp-json\/wp\/v2\/types\/post"}],"author":[{"embeddable":true,"href":"https:\/\/sabuguinho.com.br\/site\/wp-json\/wp\/v2\/users\/2"}],"replies":[{"embeddable":true,"href":"https:\/\/sabuguinho.com.br\/site\/wp-json\/wp\/v2\/comments?post=24326"}],"version-history":[{"count":1,"href":"https:\/\/sabuguinho.com.br\/site\/wp-json\/wp\/v2\/posts\/24326\/revisions"}],"predecessor-version":[{"id":24328,"href":"https:\/\/sabuguinho.com.br\/site\/wp-json\/wp\/v2\/posts\/24326\/revisions\/24328"}],"wp:featuredmedia":[{"embeddable":true,"href":"https:\/\/sabuguinho.com.br\/site\/wp-json\/wp\/v2\/media\/24327"}],"wp:attachment":[{"href":"https:\/\/sabuguinho.com.br\/site\/wp-json\/wp\/v2\/media?parent=24326"}],"wp:term":[{"taxonomy":"category","embeddable":true,"href":"https:\/\/sabuguinho.com.br\/site\/wp-json\/wp\/v2\/categories?post=24326"},{"taxonomy":"post_tag","embeddable":true,"href":"https:\/\/sabuguinho.com.br\/site\/wp-json\/wp\/v2\/tags?post=24326"}],"curies":[{"name":"wp","href":"https:\/\/api.w.org\/{rel}","templated":true}]}}