{"id":24321,"date":"2025-06-06T11:45:43","date_gmt":"2025-06-06T14:45:43","guid":{"rendered":"https:\/\/sabuguinho.com.br\/site\/?p=24321"},"modified":"2025-06-06T11:48:08","modified_gmt":"2025-06-06T14:48:08","slug":"copa-jovem-talento-da-destaque-a-atletas-do-futebol-regional","status":"publish","type":"post","link":"https:\/\/sabuguinho.com.br\/site\/copa-jovem-talento-da-destaque-a-atletas-do-futebol-regional\/","title":{"rendered":"Copa Jovem Talento d\u00e1 destaque a atletas do futebol regional"},"content":{"rendered":"<p>Goleada, promessas do esporte em campo e partidas movimentadas. Foi isso que o p\u00fablico p\u00f4de conferir na primeira rodada da Copa Jovem Talento \u2013 Cl\u00ednica do T\u00eanis realizada no dia 31 de maio no Campo S\u00e3o Pedro.<br \/>\nPromovido pela Prefeitura da Est\u00e2ncia Tur\u00edstica de Avar\u00e9 com patroc\u00ednio da Cl\u00ednica do T\u00eanis, o torneio aberto ao p\u00fablico \u00e9 uma vitrine para jovens talentos do futebol regional.<br \/>\nParticipam atletas de 12 a 17 anos de Avar\u00e9, Itatinga e Arandu, divididos em 19 times. A competi\u00e7\u00e3o ter\u00e1 33 rodadas. A final est\u00e1 prevista para setembro.<br \/>\nA equipe campe\u00e3 e a vice ser\u00e3o premiadas com trof\u00e9u e medalhas, assim como o artilheiro e o goleiro menos vazado do torneio.<br \/>\nMichel, zagueiro do Palmeiras que atualmente est\u00e1 emprestado ao Moreirense, de Portugal, esteve na abertura para um bate-papo com os jovens.<br \/>\n&#8220;O objetivo foi estimular ainda mais os atletas&#8221;, destaca a Secretaria Municipal de Esporte e Lazer.<br \/>\nA abertura foi prestigiada pelo prefeito Roberto Araujo, que esteve na cerim\u00f4nia ao lado do secret\u00e1rio Carlos Roberto &#8220;Bagaceira&#8221; dos Santos, vereadores, representantes da empresa patrocinadora e convidados.<\/p>\n<p>Primeira rodada<\/p>\n<p>Toda a popula\u00e7\u00e3o est\u00e1 convidada para prestigiar os jogos. A primeira rodada contou com tr\u00eas confrontos. A equipe da Seme Am\u00e9rica enfrentou o Internacional de Avar\u00e9 e acabou derrotada por 2 a 0 na categoria Sub-13.<br \/>\nJ\u00e1 a partida entre Seme Am\u00e9rica e Arandu foi equilibrada. O confronto pela categoria Sub-15 terminou empatado em 2 a 2.<br \/>\nO destaque da rodada foi a vit\u00f3ria da Seme Am\u00e9rica, que aplicou uma goleada de 5 a 0 sobre o time de Arandu na categoria Sub-17.<\/p>\n<p>Segunda rodada<\/p>\n<p>A segunda rodada da Copa Jovem Talento \u2013 Cl\u00ednica do T\u00eanis acontece neste s\u00e1bado, 7, tamb\u00e9m no Campo S\u00e3o Pedro, prometendo mais jogos eletrizantes e oportunidades para jovens atletas brilharem nos gramados de Avar\u00e9.<br \/>\nA programa\u00e7\u00e3o inclui tr\u00eas jogos. O primeiro confronto \u00e9 entre a equipe Inter B e time de Itatinga, \u00e0s 8h15, pela categoria Sub-13.<br \/>\nInter B joga contra Itatinga \u00e0s 9h15, mas agora pela categoria Sub-15. Fechando a rodada, o time Envolventes enfrenta a equipe Seme Municipal \u00e0s 10h15, pela categoria Sub-17.<br \/>\nO Campo S\u00e3o Pedro fica na Rua Saul Bertolaccini, n\u00ba 261, no Bairro Santa Elizabeth<\/p>\n<p>legenda: Segunda rodada acontece neste s\u00e1bado, 7, no Campo S\u00e3o Pedro; evento \u00e9 aberto ao p\u00fablico<\/p>\n<p>Fonte da Foto: Ronaldo Melo<\/p>\n<p><img loading=\"lazy\" decoding=\"async\" src=\"https:\/\/sabuguinho.com.br\/site\/wp-content\/uploads\/2025\/06\/competicao-reune-novos-talentos-i-foto-ronaldo-melo-1-1749219951-150x84.jpeg\" alt=\"\" width=\"150\" height=\"84\" class=\"alignnone size-medium wp-image-24322\" srcset=\"https:\/\/sabuguinho.com.br\/site\/wp-content\/uploads\/2025\/06\/competicao-reune-novos-talentos-i-foto-ronaldo-melo-1-1749219951-150x84.jpeg 150w, https:\/\/sabuguinho.com.br\/site\/wp-content\/uploads\/2025\/06\/competicao-reune-novos-talentos-i-foto-ronaldo-melo-1-1749219951-512x288.jpeg 512w, https:\/\/sabuguinho.com.br\/site\/wp-content\/uploads\/2025\/06\/competicao-reune-novos-talentos-i-foto-ronaldo-melo-1-1749219951-768x432.jpeg 768w, https:\/\/sabuguinho.com.br\/site\/wp-content\/uploads\/2025\/06\/competicao-reune-novos-talentos-i-foto-ronaldo-melo-1-1749219951-750x422.jpeg 750w, https:\/\/sabuguinho.com.br\/site\/wp-content\/uploads\/2025\/06\/competicao-reune-novos-talentos-i-foto-ronaldo-melo-1-1749219951.jpeg 800w\" sizes=\"auto, (max-width: 150px) 100vw, 150px\" \/><\/p>\n","protected":false},"excerpt":{"rendered":"<p>Goleada, promessas do esporte em campo e partidas movimentadas. Foi isso que o p\u00fablico p\u00f4de conferir na primeira rodada da Copa Jovem Talento \u2013 Cl\u00ednica do T\u00eanis realizada no dia 31 de maio no Campo S\u00e3o Pedro. Promovido pela Prefeitura da Est\u00e2ncia Tur\u00edstica de Avar\u00e9 com patroc\u00ednio da Cl\u00ednica do T\u00eanis, o torneio aberto ao [&hellip;]<\/p>\n","protected":false},"author":2,"featured_media":24323,"comment_status":"open","ping_status":"open","sticky":false,"template":"","format":"standard","meta":{"footnotes":""},"categories":[1],"tags":[],"class_list":["post-24321","post","type-post","status-publish","format-standard","has-post-thumbnail","hentry","category-politicas-em-geral"],"_links":{"self":[{"href":"https:\/\/sabuguinho.com.br\/site\/wp-json\/wp\/v2\/posts\/24321","targetHints":{"allow":["GET"]}}],"collection":[{"href":"https:\/\/sabuguinho.com.br\/site\/wp-json\/wp\/v2\/posts"}],"about":[{"href":"https:\/\/sabuguinho.com.br\/site\/wp-json\/wp\/v2\/types\/post"}],"author":[{"embeddable":true,"href":"https:\/\/sabuguinho.com.br\/site\/wp-json\/wp\/v2\/users\/2"}],"replies":[{"embeddable":true,"href":"https:\/\/sabuguinho.com.br\/site\/wp-json\/wp\/v2\/comments?post=24321"}],"version-history":[{"count":2,"href":"https:\/\/sabuguinho.com.br\/site\/wp-json\/wp\/v2\/posts\/24321\/revisions"}],"predecessor-version":[{"id":24325,"href":"https:\/\/sabuguinho.com.br\/site\/wp-json\/wp\/v2\/posts\/24321\/revisions\/24325"}],"wp:featuredmedia":[{"embeddable":true,"href":"https:\/\/sabuguinho.com.br\/site\/wp-json\/wp\/v2\/media\/24323"}],"wp:attachment":[{"href":"https:\/\/sabuguinho.com.br\/site\/wp-json\/wp\/v2\/media?parent=24321"}],"wp:term":[{"taxonomy":"category","embeddable":true,"href":"https:\/\/sabuguinho.com.br\/site\/wp-json\/wp\/v2\/categories?post=24321"},{"taxonomy":"post_tag","embeddable":true,"href":"https:\/\/sabuguinho.com.br\/site\/wp-json\/wp\/v2\/tags?post=24321"}],"curies":[{"name":"wp","href":"https:\/\/api.w.org\/{rel}","templated":true}]}}