{"id":24311,"date":"2025-06-06T10:57:33","date_gmt":"2025-06-06T13:57:33","guid":{"rendered":"https:\/\/sabuguinho.com.br\/site\/?p=24311"},"modified":"2025-06-06T10:57:33","modified_gmt":"2025-06-06T13:57:33","slug":"moacir-lima-em-parceria-com-uniao-brasil-conquista-r-400-mil-para-entidades-de-avare-recursos-irao-beneficiar-instituicoes-que-cuidam-de-idosos-pessoas-com-deficiencia-e-familias-em-situacao-de-vu","status":"publish","type":"post","link":"https:\/\/sabuguinho.com.br\/site\/moacir-lima-em-parceria-com-uniao-brasil-conquista-r-400-mil-para-entidades-de-avare-recursos-irao-beneficiar-instituicoes-que-cuidam-de-idosos-pessoas-com-deficiencia-e-familias-em-situacao-de-vu\/","title":{"rendered":"Moacir Lima, em parceria com Uni\u00e3o Brasil, conquista R$ 400 mil para entidades de Avar\u00e9 Recursos ir\u00e3o beneficiar institui\u00e7\u00f5es que cuidam de idosos, pessoas com defici\u00eancia e fam\u00edlias em situa\u00e7\u00e3o de vulnerabilidade"},"content":{"rendered":"<p>Considerado um dos vereadores mais atuantes da atual legislatura, Moacir Lima (PSD), em seu segundo mandato na C\u00e2mara Municipal, articulou &#8211; junto a S\u00edlvio Adriano de Souza e Silva, presidente do Uni\u00e3o Brasil em Avar\u00e9 &#8211; a destina\u00e7\u00e3o de R$ 400 mil para quatro importantes entidades filantr\u00f3picas da Est\u00e2ncia Tur\u00edstica de Avar\u00e9.<br \/>\nOs recursos foram viabilizados por meio de emendas parlamentares do deputado estadual Edson Giriboni (Uni\u00e3o Brasil), atrav\u00e9s da Secretaria de Desenvolvimento Social do Governo do Estado de S\u00e3o Paulo. As verbas j\u00e1 est\u00e3o depositadas e foram distribu\u00eddas entre a Creche para Idosos Senhora Santana (R$ 100 mil), Funda\u00e7\u00e3o Padre Em\u00edlio Immoos (R$ 100 mil), APAE de Avar\u00e9 (R$ 100 mil) e Col\u00f4nia Esp\u00edrita Fraternidade (R$ 100 mil).<br \/>\nO vereador Moacir Lima agradeceu ao presidente do Uni\u00e3o Brasil pelo empenho e sensibilidade. \u201cEspero que estes recursos ajudem da melhor forma poss\u00edvel. Agrade\u00e7o imensamente ao deputado Giriboni por se compadecer diante das dificuldades enfrentadas pelas institui\u00e7\u00f5es de filantropia da nossa Avar\u00e9. Conte sempre com nosso trabalho\u201d, afirmou o vereador.<br \/>\nMoacir tamb\u00e9m refor\u00e7ou a import\u00e2ncia da parceria com o deputado e com o partido:<br \/>\n\u201cNossas entidades atendem milhares de avareenses e necessitam do nosso apoio enquanto legisladores. Minha gratid\u00e3o ao Silvio por acreditar no trabalho que estamos desenvolvendo e ao deputado Giriboni, que sempre olhou pelo nosso munic\u00edpio com carinho.\u201d<br \/>\nGiriboni, que cumpre seu quinto mandato como deputado estadual, tem um hist\u00f3rico de apoio firme aos munic\u00edpios da regi\u00e3o Sudoeste do Estado e do Vale do Ribeira, consolidando um legado de comprometimento com causas sociais.<br \/>\nO prefeito Roberto Araujo n\u00e3o poupou elogios ao vereador e \u00e0 articula\u00e7\u00e3o do Uni\u00e3o Brasil:<br \/>\n\u201cExpresso aqui nossa gratid\u00e3o ao vereador Moacir e ao time do Uni\u00e3o Brasil, que est\u00e1 auxiliando entidades essenciais na vida do povo avareense. S\u00e3o institui\u00e7\u00f5es s\u00e9rias que precisam de aten\u00e7\u00e3o para continuarem prestando atendimento de qualidade\u201d, declarou. E completou: \u201cVoc\u00eas provam que pol\u00edtica se faz com amor e que a popula\u00e7\u00e3o pode continuar acreditando em parcerias pelo bem.\u201d<\/p>\n","protected":false},"excerpt":{"rendered":"<p>Considerado um dos vereadores mais atuantes da atual legislatura, Moacir Lima (PSD), em seu segundo mandato na C\u00e2mara Municipal, articulou &#8211; junto a S\u00edlvio Adriano de Souza e Silva, presidente do Uni\u00e3o Brasil em Avar\u00e9 &#8211; a destina\u00e7\u00e3o de R$ 400 mil para quatro importantes entidades filantr\u00f3picas da Est\u00e2ncia Tur\u00edstica de Avar\u00e9. Os recursos foram [&hellip;]<\/p>\n","protected":false},"author":2,"featured_media":24312,"comment_status":"open","ping_status":"open","sticky":false,"template":"","format":"standard","meta":{"footnotes":""},"categories":[1],"tags":[],"class_list":["post-24311","post","type-post","status-publish","format-standard","has-post-thumbnail","hentry","category-politicas-em-geral"],"_links":{"self":[{"href":"https:\/\/sabuguinho.com.br\/site\/wp-json\/wp\/v2\/posts\/24311","targetHints":{"allow":["GET"]}}],"collection":[{"href":"https:\/\/sabuguinho.com.br\/site\/wp-json\/wp\/v2\/posts"}],"about":[{"href":"https:\/\/sabuguinho.com.br\/site\/wp-json\/wp\/v2\/types\/post"}],"author":[{"embeddable":true,"href":"https:\/\/sabuguinho.com.br\/site\/wp-json\/wp\/v2\/users\/2"}],"replies":[{"embeddable":true,"href":"https:\/\/sabuguinho.com.br\/site\/wp-json\/wp\/v2\/comments?post=24311"}],"version-history":[{"count":1,"href":"https:\/\/sabuguinho.com.br\/site\/wp-json\/wp\/v2\/posts\/24311\/revisions"}],"predecessor-version":[{"id":24313,"href":"https:\/\/sabuguinho.com.br\/site\/wp-json\/wp\/v2\/posts\/24311\/revisions\/24313"}],"wp:featuredmedia":[{"embeddable":true,"href":"https:\/\/sabuguinho.com.br\/site\/wp-json\/wp\/v2\/media\/24312"}],"wp:attachment":[{"href":"https:\/\/sabuguinho.com.br\/site\/wp-json\/wp\/v2\/media?parent=24311"}],"wp:term":[{"taxonomy":"category","embeddable":true,"href":"https:\/\/sabuguinho.com.br\/site\/wp-json\/wp\/v2\/categories?post=24311"},{"taxonomy":"post_tag","embeddable":true,"href":"https:\/\/sabuguinho.com.br\/site\/wp-json\/wp\/v2\/tags?post=24311"}],"curies":[{"name":"wp","href":"https:\/\/api.w.org\/{rel}","templated":true}]}}