{"id":24306,"date":"2025-06-06T10:29:26","date_gmt":"2025-06-06T13:29:26","guid":{"rendered":"https:\/\/sabuguinho.com.br\/site\/?p=24306"},"modified":"2025-06-06T10:29:26","modified_gmt":"2025-06-06T13:29:26","slug":"taquarituba-suspeito-de-20-anos-e-preso-pela-policia-civil-apos-serie-de-furtos-e-roubo","status":"publish","type":"post","link":"https:\/\/sabuguinho.com.br\/site\/taquarituba-suspeito-de-20-anos-e-preso-pela-policia-civil-apos-serie-de-furtos-e-roubo\/","title":{"rendered":"TAQUARITUBA &#8211;    Suspeito de 20 anos \u00e9 preso pela Pol\u00edcia Civil ap\u00f3s s\u00e9rie de furtos e roubo"},"content":{"rendered":"<p>Um homem de 20 anos foi preso preventivamente quinta-feira, dia 05\/06\/2025, pela Pol\u00edcia Civil em Taquarituba, ap\u00f3s investiga\u00e7\u00f5es que o apontaram como respons\u00e1vel por quatro furtos qualificados e um roubo cometidos contra estabelecimentos comerciais da cidade, no m\u00eas de maio. A pris\u00e3o foi decretada pelo ju\u00edzo das garantias da 3\u00aa Regi\u00e3o Administrativa Judici\u00e1ria \u2013 RAJ, sediada em Bauru.<br \/>\nDe acordo com a Pol\u00edcia Civil, os crimes ocorreram em diferentes datas e locais, mas seguiam um padr\u00e3o semelhante: o autor agia durante a madrugada, geralmente com rompimento de obst\u00e1culos, como portas e vitrines, para obter acesso ao interior dos com\u00e9rcios. Em ao menos um dos casos, houve emprego de viol\u00eancia e amea\u00e7a, o que caracterizou o crime como roubo.<br \/>\nNos boletins de ocorr\u00eancia, as v\u00edtimas relataram o furto de valores em dinheiro, um televisor, cal\u00e7ados, roupas, entre outros objetos. Em uma das ocorr\u00eancias, o suspeito invadiu uma resid\u00eancia que funcionava como brech\u00f3 e subtraiu diversos itens de uso pessoal e comercial. Em outra, foi filmado quebrando o vidro de um restaurante com uma pedra, embora tenha fugido sem levar nada ao ser surpreendido pelo propriet\u00e1rio.<br \/>\nA a\u00e7\u00e3o criminosa mais antiga registrada contra o investigado aconteceu em 13 de maio, e a mais recente em 23 de maio. No total, os cinco crimes atribu\u00eddos ao jovem geraram grande preocupa\u00e7\u00e3o entre comerciantes e moradores, conforme relatado pelos policiais envolvidos na apura\u00e7\u00e3o.<br \/>\nA equipe de investiga\u00e7\u00e3o da Delegacia de Taquarituba conseguiu identificar o autor por meio de imagens de c\u00e2meras de seguran\u00e7a, reconhecimento por parte das v\u00edtimas e dilig\u00eancias no entorno dos locais atacados. Segundo o relat\u00f3rio policial, o jovem \u00e9 conhecido nos meios policiais, sendo classificado como usu\u00e1rio compulsivo de entorpecentes, especialmente &#8220;crack&#8221;.<br \/>\nDurante as dilig\u00eancias para localizar o suspeito, a m\u00e3e dele procurou a Pol\u00edcia e informou que o filho havia fugido de uma cl\u00ednica de recupera\u00e7\u00e3o e que vinha praticando crimes inclusive dentro de casa. Com receio de que ele sofresse repres\u00e1lias ou voltasse a cometer delitos, ela colaborou com a investiga\u00e7\u00e3o.<br \/>\nO investigado foi submetido a exame de corpo de delito na Santa Casa local e recolhido \u00e0 carceragem da Delegacia de Taquarituba, de onde foi transferido para um Centro de Deten\u00e7\u00e3o Provis\u00f3ria da regi\u00e3o. A pris\u00e3o preventiva foi considerada necess\u00e1ria para garantir a ordem p\u00fablica e impedir a continuidade das a\u00e7\u00f5es criminosas.<\/p>\n","protected":false},"excerpt":{"rendered":"<p>Um homem de 20 anos foi preso preventivamente quinta-feira, dia 05\/06\/2025, pela Pol\u00edcia Civil em Taquarituba, ap\u00f3s investiga\u00e7\u00f5es que o apontaram como respons\u00e1vel por quatro furtos qualificados e um roubo cometidos contra estabelecimentos comerciais da cidade, no m\u00eas de maio. A pris\u00e3o foi decretada pelo ju\u00edzo das garantias da 3\u00aa Regi\u00e3o Administrativa Judici\u00e1ria \u2013 RAJ, [&hellip;]<\/p>\n","protected":false},"author":2,"featured_media":24307,"comment_status":"open","ping_status":"open","sticky":false,"template":"","format":"standard","meta":{"footnotes":""},"categories":[1],"tags":[],"class_list":["post-24306","post","type-post","status-publish","format-standard","has-post-thumbnail","hentry","category-politicas-em-geral"],"_links":{"self":[{"href":"https:\/\/sabuguinho.com.br\/site\/wp-json\/wp\/v2\/posts\/24306","targetHints":{"allow":["GET"]}}],"collection":[{"href":"https:\/\/sabuguinho.com.br\/site\/wp-json\/wp\/v2\/posts"}],"about":[{"href":"https:\/\/sabuguinho.com.br\/site\/wp-json\/wp\/v2\/types\/post"}],"author":[{"embeddable":true,"href":"https:\/\/sabuguinho.com.br\/site\/wp-json\/wp\/v2\/users\/2"}],"replies":[{"embeddable":true,"href":"https:\/\/sabuguinho.com.br\/site\/wp-json\/wp\/v2\/comments?post=24306"}],"version-history":[{"count":1,"href":"https:\/\/sabuguinho.com.br\/site\/wp-json\/wp\/v2\/posts\/24306\/revisions"}],"predecessor-version":[{"id":24308,"href":"https:\/\/sabuguinho.com.br\/site\/wp-json\/wp\/v2\/posts\/24306\/revisions\/24308"}],"wp:featuredmedia":[{"embeddable":true,"href":"https:\/\/sabuguinho.com.br\/site\/wp-json\/wp\/v2\/media\/24307"}],"wp:attachment":[{"href":"https:\/\/sabuguinho.com.br\/site\/wp-json\/wp\/v2\/media?parent=24306"}],"wp:term":[{"taxonomy":"category","embeddable":true,"href":"https:\/\/sabuguinho.com.br\/site\/wp-json\/wp\/v2\/categories?post=24306"},{"taxonomy":"post_tag","embeddable":true,"href":"https:\/\/sabuguinho.com.br\/site\/wp-json\/wp\/v2\/tags?post=24306"}],"curies":[{"name":"wp","href":"https:\/\/api.w.org\/{rel}","templated":true}]}}