{"id":24292,"date":"2025-06-06T10:11:58","date_gmt":"2025-06-06T13:11:58","guid":{"rendered":"https:\/\/sabuguinho.com.br\/site\/?p=24292"},"modified":"2025-06-06T10:11:58","modified_gmt":"2025-06-06T13:11:58","slug":"marina-silva-alerta-para-golpe-mortal-em-normas-sobre-licenciamento","status":"publish","type":"post","link":"https:\/\/sabuguinho.com.br\/site\/marina-silva-alerta-para-golpe-mortal-em-normas-sobre-licenciamento\/","title":{"rendered":"Marina Silva alerta para &#8220;golpe mortal&#8221; em normas sobre licenciamento"},"content":{"rendered":"<p>Ministra veiculou pronunciamento sobre o Dia Mundial do Meio Ambiente<\/p>\n<p>Pedro Rafael Vilela &#8211; Rep\u00f3rter Da Ag\u00eancia Brasil <\/p>\n<p>A ministra do Meio Ambiente e Mudan\u00e7a do Clima, Marina Silva, afirmou nesta quinta-feira (5) que mudan\u00e7as legislativas para flexibilizar regras de licenciamento ambiental, em um mundo cada vez mais assolado por extremos clim\u00e1ticos, s\u00e3o um grande risco para o pa\u00eds. O alerta foi dado em pronunciamento da ministra por ocasi\u00e3o do Dia Mundial do Meio Ambiente.<br \/>\n&#8220;N\u00e3o podemos permitir que, em nome da agiliza\u00e7\u00e3o das licen\u00e7as ambientais, seja desferido um golpe mortal em nossa legisla\u00e7\u00e3o, justamente quando o desequil\u00edbrio ecol\u00f3gico, que est\u00e1 acelerando as mudan\u00e7as clim\u00e1ticas, nos cobra mais responsabilidade&#8221;, disse Marina em v\u00eddeo divulgado em cadeia nacional de r\u00e1dio e televis\u00e3o.<br \/>\nEmbora n\u00e3o tenha citado diretamente, ela se referia ao projeto de lei (PL) 2.159\/2021, aprovado no \u00faltimo dia 21 de maio pelo Senado Federal, alvo de cr\u00edticas da pr\u00f3pria ministra de e uma s\u00e9rie de entidades de defesa do meio ambiente.<br \/>\n&#8220;Precisamos aprimorar nossas pol\u00edticas p\u00fablicas e nossa legisla\u00e7\u00e3o ambiental, mas sem permitir retrocessos que ponham a perder um esfor\u00e7o de d\u00e9cadas da sociedade brasileira, que pode se orgulhar de ter uma das mais completas e bem avaliadas leis ambientais do mundo&#8221;, afirmou Marina Silva em seu pronunciamento.<br \/>\nA ministra enfatizou ser poss\u00edvel promover o desenvolvimento sustent\u00e1vel com justi\u00e7a social e ambiental, ampliar o acesso \u00e0 infraestrutura protegendo o meio ambiente e melhorar a vida das popula\u00e7\u00f5es mais vulner\u00e1veis com responsabilidade, recuperando \u00e1reas degradadas, com regenera\u00e7\u00e3o de biomas, mantendo florestas de p\u00e9 e investindo em energias limpas e uso respons\u00e1vel da \u00e1gua e do solo.<\/p>\n<p>Riscos clim\u00e1ticos<\/p>\n<p>Marina Silva destacou que as altera\u00e7\u00f5es clim\u00e1ticas s\u00e3o decorr\u00eancia direta da devasta\u00e7\u00e3o ambiental, que amea\u00e7a a sobreviv\u00eancia concreta das pessoas.<br \/>\n&#8220;Vivemos tempos em que as mudan\u00e7as clim\u00e1ticas, provocadas pela degrada\u00e7\u00e3o do meio ambiente e pelo consumo excessivo de combust\u00edveis f\u00f3sseis, amea\u00e7am profundamente o nosso futuro. O aumento das secas, inunda\u00e7\u00f5es, ondas de calor e inc\u00eandios coloca em risco a alimenta\u00e7\u00e3o, a sa\u00fade, a moradia de milh\u00f5es de pessoas, em nosso pa\u00eds e em todo o mundo&#8221;.<\/p>\n<p>Redu\u00e7\u00e3o do desmatamento<\/p>\n<p>No pronunciamento, Marina Silva exaltou os n\u00fameros do governo, que registram queda no desmatamento da Amaz\u00f4nia e em outros biomas, o que ela atribui ao refor\u00e7o na fiscaliza\u00e7\u00e3o e monitoramento.<br \/>\n&#8220;Nos primeiros dois anos do governo do presidente Lula, conseguimos reduzir quase pela metade o desmatamento na Amaz\u00f4nia e em 32% em todo o pa\u00eds. Isso s\u00f3 foi poss\u00edvel com o fortalecimento da fiscaliza\u00e7\u00e3o e do combate aos crimes ambientais pelo Ibama, o ICMBio e a Pol\u00edcia Federal, com minist\u00e9rios, governos estaduais, prefeituras e comunidades locais jogando juntos&#8221;, afirmou.<br \/>\n&#8220;Tamb\u00e9m retomamos a cria\u00e7\u00e3o de reservas ambientais e a demarca\u00e7\u00e3o de terras ind\u00edgenas e quilombolas, territ\u00f3rios vitais para a prote\u00e7\u00e3o da nossa natureza e da nossa diversidade&#8221;, acrescentou.<\/p>\n<p>Sabedoria ind\u00edgena e COP30<\/p>\n<p>Ainda no pronunciamento, Marina Silva afirmou que a capacidade de liderar a luta pelo clima e o meio ambiente como exemplo internacional, pautando di\u00e1logo, ci\u00eancia e saberes milenares dos povos ind\u00edgenas e comunidades tradicionais.<br \/>\nA ministra tamb\u00e9m falou sobre a prepara\u00e7\u00e3o do pa\u00eds para sediar a Confer\u00eancia das Na\u00e7\u00f5es Unidas sobre Mudan\u00e7as Clim\u00e1ticas, a COP30, que ocorrer\u00e1 em novembro, em Bel\u00e9m, reunindo chefes de Estado e delega\u00e7\u00f5es de centenas de pa\u00edses.<br \/>\n&#8220;Liderar pelo exemplo, ali\u00e1s, \u00e9 o que todos esperam do Brasil, que se prepara para receber em novembro o maior evento de meio ambiente do mundo, a COP-30, em Bel\u00e9m do Par\u00e1. Ser\u00e1 a COP do chamamento de um grande mutir\u00e3o para que o mundo se una no esfor\u00e7o coletivo pela implementa\u00e7\u00e3o dos compromissos at\u00e9 aqui firmados na Conven\u00e7\u00e3o do Clima&#8221;.<\/p>\n","protected":false},"excerpt":{"rendered":"<p>Ministra veiculou pronunciamento sobre o Dia Mundial do Meio Ambiente Pedro Rafael Vilela &#8211; Rep\u00f3rter Da Ag\u00eancia Brasil A ministra do Meio Ambiente e Mudan\u00e7a do Clima, Marina Silva, afirmou nesta quinta-feira (5) que mudan\u00e7as legislativas para flexibilizar regras de licenciamento ambiental, em um mundo cada vez mais assolado por extremos clim\u00e1ticos, s\u00e3o um grande [&hellip;]<\/p>\n","protected":false},"author":2,"featured_media":24293,"comment_status":"open","ping_status":"open","sticky":false,"template":"","format":"standard","meta":{"footnotes":""},"categories":[1],"tags":[],"class_list":["post-24292","post","type-post","status-publish","format-standard","has-post-thumbnail","hentry","category-politicas-em-geral"],"_links":{"self":[{"href":"https:\/\/sabuguinho.com.br\/site\/wp-json\/wp\/v2\/posts\/24292","targetHints":{"allow":["GET"]}}],"collection":[{"href":"https:\/\/sabuguinho.com.br\/site\/wp-json\/wp\/v2\/posts"}],"about":[{"href":"https:\/\/sabuguinho.com.br\/site\/wp-json\/wp\/v2\/types\/post"}],"author":[{"embeddable":true,"href":"https:\/\/sabuguinho.com.br\/site\/wp-json\/wp\/v2\/users\/2"}],"replies":[{"embeddable":true,"href":"https:\/\/sabuguinho.com.br\/site\/wp-json\/wp\/v2\/comments?post=24292"}],"version-history":[{"count":1,"href":"https:\/\/sabuguinho.com.br\/site\/wp-json\/wp\/v2\/posts\/24292\/revisions"}],"predecessor-version":[{"id":24294,"href":"https:\/\/sabuguinho.com.br\/site\/wp-json\/wp\/v2\/posts\/24292\/revisions\/24294"}],"wp:featuredmedia":[{"embeddable":true,"href":"https:\/\/sabuguinho.com.br\/site\/wp-json\/wp\/v2\/media\/24293"}],"wp:attachment":[{"href":"https:\/\/sabuguinho.com.br\/site\/wp-json\/wp\/v2\/media?parent=24292"}],"wp:term":[{"taxonomy":"category","embeddable":true,"href":"https:\/\/sabuguinho.com.br\/site\/wp-json\/wp\/v2\/categories?post=24292"},{"taxonomy":"post_tag","embeddable":true,"href":"https:\/\/sabuguinho.com.br\/site\/wp-json\/wp\/v2\/tags?post=24292"}],"curies":[{"name":"wp","href":"https:\/\/api.w.org\/{rel}","templated":true}]}}