{"id":24275,"date":"2025-06-05T22:54:13","date_gmt":"2025-06-06T01:54:13","guid":{"rendered":"https:\/\/sabuguinho.com.br\/site\/?p=24275"},"modified":"2025-06-05T22:54:13","modified_gmt":"2025-06-06T01:54:13","slug":"na-estreia-de-ancelotti-brasil-segue-jogando-mal-e-empata-com-equador","status":"publish","type":"post","link":"https:\/\/sabuguinho.com.br\/site\/na-estreia-de-ancelotti-brasil-segue-jogando-mal-e-empata-com-equador\/","title":{"rendered":"Na estreia de Ancelotti, Brasil segue jogando mal e empata com Equador"},"content":{"rendered":"<p>Partida em Guayaquil teve poucas emo\u00e7\u00f5es para ambos os lados<\/p>\n<p>Luccas Oliveira, da CNN<\/p>\n<p>N\u00e3o foi a estreia dos sonhos. No primeiro jogo sob comando do t\u00e9cnico Carlo Ancelotti, o Brasil ficou no empate em 0 a 0 com o Equador, nesta quinta-feira (5), pela 15\u00aa rodada das Eliminat\u00f3rias da Copa do Mundo de 2026.<br \/>\nEscala\u00e7\u00e3o da Sele\u00e7\u00e3o Brasileira na estreia de Ancelotti: em p\u00e9, Richarlison, Alisson, Gerson, Alexsandro, Marquinhos e Casemiro; agachados, Vini Jr., Bruno Guimar\u00e3es, Est\u00eav\u00e3o, Vanderson e Alex Sandro \u2022 Rafael Ribeiro\/CBF<\/p>\n<p>Equador tem controle do jogo<\/p>\n<p>Por isso, La Tri teve o controle do jogo, de certa forma, inclusive com mais posse de bola. Nenhum dos times empilhou oportunidades, mas foi o Equador quem contou com maior volume de jogo e n\u00famero de finaliza\u00e7\u00f5es.<br \/>\nO Brasil, por sua vez, dependia de lampejos dos seus pontas \u2014 Vini e Est\u00eav\u00e3o \u2014, j\u00e1 que Richarlison mal participava da partida. Na melhor oportunidade de gol brasileiro, foi Casemiro quem arriscou finaliza\u00e7\u00e3o para defesa segura de Gal\u00edndez.<\/p>\n<p>Pr\u00f3ximos jogos<\/p>\n<p>A Sele\u00e7\u00e3o Brasileira agora inicia a prepara\u00e7\u00e3o para o jogo contra o Paraguai, na pr\u00f3xima ter\u00e7a-feira (10), na Neo Qu\u00edmica Arena, em S\u00e3o Paulo. Com o empate no Equador, dificilmente o Brasil se garantir\u00e1 na Copa j\u00e1 na pr\u00f3xima rodada.<br \/>\nJ\u00e1 o Equador, que est\u00e1 mais perto da vaga, visita o Peru, tamb\u00e9m na ter\u00e7a.<\/p>\n","protected":false},"excerpt":{"rendered":"<p>Partida em Guayaquil teve poucas emo\u00e7\u00f5es para ambos os lados Luccas Oliveira, da CNN N\u00e3o foi a estreia dos sonhos. No primeiro jogo sob comando do t\u00e9cnico Carlo Ancelotti, o Brasil ficou no empate em 0 a 0 com o Equador, nesta quinta-feira (5), pela 15\u00aa rodada das Eliminat\u00f3rias da Copa do Mundo de 2026. [&hellip;]<\/p>\n","protected":false},"author":2,"featured_media":24278,"comment_status":"open","ping_status":"open","sticky":false,"template":"","format":"standard","meta":{"footnotes":""},"categories":[45],"tags":[],"class_list":["post-24275","post","type-post","status-publish","format-standard","has-post-thumbnail","hentry","category-esportes"],"_links":{"self":[{"href":"https:\/\/sabuguinho.com.br\/site\/wp-json\/wp\/v2\/posts\/24275","targetHints":{"allow":["GET"]}}],"collection":[{"href":"https:\/\/sabuguinho.com.br\/site\/wp-json\/wp\/v2\/posts"}],"about":[{"href":"https:\/\/sabuguinho.com.br\/site\/wp-json\/wp\/v2\/types\/post"}],"author":[{"embeddable":true,"href":"https:\/\/sabuguinho.com.br\/site\/wp-json\/wp\/v2\/users\/2"}],"replies":[{"embeddable":true,"href":"https:\/\/sabuguinho.com.br\/site\/wp-json\/wp\/v2\/comments?post=24275"}],"version-history":[{"count":1,"href":"https:\/\/sabuguinho.com.br\/site\/wp-json\/wp\/v2\/posts\/24275\/revisions"}],"predecessor-version":[{"id":24279,"href":"https:\/\/sabuguinho.com.br\/site\/wp-json\/wp\/v2\/posts\/24275\/revisions\/24279"}],"wp:featuredmedia":[{"embeddable":true,"href":"https:\/\/sabuguinho.com.br\/site\/wp-json\/wp\/v2\/media\/24278"}],"wp:attachment":[{"href":"https:\/\/sabuguinho.com.br\/site\/wp-json\/wp\/v2\/media?parent=24275"}],"wp:term":[{"taxonomy":"category","embeddable":true,"href":"https:\/\/sabuguinho.com.br\/site\/wp-json\/wp\/v2\/categories?post=24275"},{"taxonomy":"post_tag","embeddable":true,"href":"https:\/\/sabuguinho.com.br\/site\/wp-json\/wp\/v2\/tags?post=24275"}],"curies":[{"name":"wp","href":"https:\/\/api.w.org\/{rel}","templated":true}]}}