{"id":24255,"date":"2025-06-05T21:25:25","date_gmt":"2025-06-06T00:25:25","guid":{"rendered":"https:\/\/sabuguinho.com.br\/site\/?p=24255"},"modified":"2025-06-05T21:25:25","modified_gmt":"2025-06-06T00:25:25","slug":"bolsonaro-nega-a-pf-contato-com-governo-trump-para-buscar-sancoes","status":"publish","type":"post","link":"https:\/\/sabuguinho.com.br\/site\/bolsonaro-nega-a-pf-contato-com-governo-trump-para-buscar-sancoes\/","title":{"rendered":"Bolsonaro nega \u00e0 PF contato com governo Trump para buscar san\u00e7\u00f5es"},"content":{"rendered":"<p>Ex-presidente diz que filho tem atua\u00e7\u00e3o independente nos EUA<\/p>\n<p>Andre Richter \u2013 Rep\u00f3rter da Ag\u00eancia Brasil<\/p>\n<p>O ex-presidente Jair Bolsonaro prestou depoimento nesta quinta-feira (5) \u00e0 Pol\u00edcia Federal (PF) e negou ter feito contato autoridades do governo dos Estados Unidos para promover san\u00e7\u00f5es contra autoridades brasileiras, entre as quais, o ministro Alexandre de Moraes, do Supremo Tribunal Federal (STF).<br \/>\nBolsonaro prestou depoimento no inqu\u00e9rito aberto para investigar a suposta atua\u00e7\u00e3o do deputado Eduardo Bolsonaro (PL-SP) para incitar o governo dos Estados Unidos a adotar medidas contra o ministro, que foi escolhido relator do caso por tamb\u00e9m atuar no comando das a\u00e7\u00f5es da trama golpista e no inqu\u00e9rito das fake news (not\u00edcias falsas).<br \/>\nPara Moraes, Bolsonaro deve prestar esclarecimentos por ser \u201cdiretamente beneficiado\u201d pelas a\u00e7\u00f5es do filho e ter declarado \u00e0 imprensa que estava pagando as despesas deste no exterior.<br \/>\nEm mar\u00e7o deste ano, Eduardo pediu licen\u00e7a de 122 dias do mandato parlamentar e foi morar nos Estados Unidos.<br \/>\nDurante o depoimento, o ex-presidente disse que n\u00e3o fez nenhum contato com autoridades norte-americanas para tratar de poss\u00edveis san\u00e7\u00f5es.<br \/>\nBolsonaro tamb\u00e9m disse que Eduardo tem atua\u00e7\u00e3o independente nos Estados Unidos e que n\u00e3o participa de seus atos.<br \/>\n&#8220;Que as a\u00e7\u00f5es realizadas por Eduardo Bolsonaro s\u00e3o independentes e realizadas por conta pr\u00f3pria; que n\u00e3o auxilia ou determina a Eduardo Bolsonaro qualquer tipo de a\u00e7\u00e3o nos Estados Unidos&#8221;, diz trecho do depoimento.<br \/>\nO ex-presidente tamb\u00e9m afirmou aos delegados que tomaram o depoimento que os &#8220;Estados Unidos n\u00e3o aplicariam san\u00e7\u00f5es por lobby [press\u00e3o] de terceiros&#8221;.<\/p>\n<p>Envio de recursos<\/p>\n<p>Na mesma oitiva, Bolsonaro confirmou que enviou R$ 2 milh\u00f5es para bancar as despesas de Eduardo nos Estados Unidos.<br \/>\nSegundo o ex-presidente, os valores foram repassados diretamente de sua conta banc\u00e1ria e t\u00eam origem em doa\u00e7\u00f5es de Pix que foram feitas por seus apoiadores, em 2023. Na \u00e9poca, Bolsonaro recebeu R$ 17 milh\u00f5es em transfer\u00eancias.<\/p>\n<p>Defesa<\/p>\n<p>Ap\u00f3s a abertura do inqu\u00e9rito, Eduardo Bolsonaro considerou que o pedido de investiga\u00e7\u00e3o \u00e9 uma medida &#8220;injusta e desesperada&#8221;.<br \/>\n&#8220;S\u00f3 configura aquilo que sempre falamos: o Brasil vive um regime de exce\u00e7\u00e3o, onde tudo no Judici\u00e1rio depende de quem seja o cliente&#8221;, declarou. <\/p>\n","protected":false},"excerpt":{"rendered":"<p>Ex-presidente diz que filho tem atua\u00e7\u00e3o independente nos EUA Andre Richter \u2013 Rep\u00f3rter da Ag\u00eancia Brasil O ex-presidente Jair Bolsonaro prestou depoimento nesta quinta-feira (5) \u00e0 Pol\u00edcia Federal (PF) e negou ter feito contato autoridades do governo dos Estados Unidos para promover san\u00e7\u00f5es contra autoridades brasileiras, entre as quais, o ministro Alexandre de Moraes, do [&hellip;]<\/p>\n","protected":false},"author":2,"featured_media":24256,"comment_status":"open","ping_status":"open","sticky":false,"template":"","format":"standard","meta":{"footnotes":""},"categories":[1],"tags":[],"class_list":["post-24255","post","type-post","status-publish","format-standard","has-post-thumbnail","hentry","category-politicas-em-geral"],"_links":{"self":[{"href":"https:\/\/sabuguinho.com.br\/site\/wp-json\/wp\/v2\/posts\/24255","targetHints":{"allow":["GET"]}}],"collection":[{"href":"https:\/\/sabuguinho.com.br\/site\/wp-json\/wp\/v2\/posts"}],"about":[{"href":"https:\/\/sabuguinho.com.br\/site\/wp-json\/wp\/v2\/types\/post"}],"author":[{"embeddable":true,"href":"https:\/\/sabuguinho.com.br\/site\/wp-json\/wp\/v2\/users\/2"}],"replies":[{"embeddable":true,"href":"https:\/\/sabuguinho.com.br\/site\/wp-json\/wp\/v2\/comments?post=24255"}],"version-history":[{"count":1,"href":"https:\/\/sabuguinho.com.br\/site\/wp-json\/wp\/v2\/posts\/24255\/revisions"}],"predecessor-version":[{"id":24257,"href":"https:\/\/sabuguinho.com.br\/site\/wp-json\/wp\/v2\/posts\/24255\/revisions\/24257"}],"wp:featuredmedia":[{"embeddable":true,"href":"https:\/\/sabuguinho.com.br\/site\/wp-json\/wp\/v2\/media\/24256"}],"wp:attachment":[{"href":"https:\/\/sabuguinho.com.br\/site\/wp-json\/wp\/v2\/media?parent=24255"}],"wp:term":[{"taxonomy":"category","embeddable":true,"href":"https:\/\/sabuguinho.com.br\/site\/wp-json\/wp\/v2\/categories?post=24255"},{"taxonomy":"post_tag","embeddable":true,"href":"https:\/\/sabuguinho.com.br\/site\/wp-json\/wp\/v2\/tags?post=24255"}],"curies":[{"name":"wp","href":"https:\/\/api.w.org\/{rel}","templated":true}]}}