{"id":237,"date":"2023-10-29T02:09:08","date_gmt":"2023-10-29T05:09:08","guid":{"rendered":"https:\/\/sabuguinho.com.br\/site\/?p=237"},"modified":"2023-10-29T02:32:33","modified_gmt":"2023-10-29T05:32:33","slug":"237-2","status":"publish","type":"post","link":"https:\/\/sabuguinho.com.br\/site\/237-2\/","title":{"rendered":"Muro externo, cal\u00e7adas internas e port\u00f5es ganharam nova pintura, informa administra\u00e7\u00e3o do espa\u00e7o"},"content":{"rendered":"<p>A Prefeitura da Est\u00e2ncia Tur\u00edstica de Avar\u00e9 promoveu adequa\u00e7\u00f5es no Cemit\u00e9rio Municipal para receber o p\u00fablico durante o feriado de Finados.<br \/>\nMuro externo, cal\u00e7adas internas e port\u00f5es ganharam nova pintura, informa a administra\u00e7\u00e3o. Uma limpeza geral tamb\u00e9m foi realizada no espa\u00e7o.<br \/>\nAproximadamente 20 mil pessoas devem passar pelo local entre s\u00e1bado, 28, e o final de semana do feriado religioso celebrado na quinta-feira, 2 de novembro.<\/p>\n<p>Hor\u00e1rio de funcionamento<\/p>\n<p>O hor\u00e1rio de funcionamento no Finados come\u00e7a \u00e0s 7 horas e segue at\u00e9 \u00e0s 18 horas, excepcionalmente<br \/>\nJ\u00e1 nos demais dias o atendimento ao p\u00fablico \u00e9 das 7h \u00e0s 17 horas, inclusive s\u00e1bado e domingo.<\/p>\n<p>.<img loading=\"lazy\" decoding=\"async\" src=\"https:\/\/sabuguinho.com.br\/site\/wp-content\/uploads\/2023\/10\/Servicos-Cemiterio-adequacoes-2-150x68.jpeg\" alt=\"\" width=\"150\" height=\"68\" class=\"alignnone size-medium wp-image-238\" srcset=\"https:\/\/sabuguinho.com.br\/site\/wp-content\/uploads\/2023\/10\/Servicos-Cemiterio-adequacoes-2-150x68.jpeg 150w, https:\/\/sabuguinho.com.br\/site\/wp-content\/uploads\/2023\/10\/Servicos-Cemiterio-adequacoes-2-512x231.jpeg 512w, https:\/\/sabuguinho.com.br\/site\/wp-content\/uploads\/2023\/10\/Servicos-Cemiterio-adequacoes-2-768x346.jpeg 768w, https:\/\/sabuguinho.com.br\/site\/wp-content\/uploads\/2023\/10\/Servicos-Cemiterio-adequacoes-2-1536x692.jpeg 1536w, https:\/\/sabuguinho.com.br\/site\/wp-content\/uploads\/2023\/10\/Servicos-Cemiterio-adequacoes-2-750x338.jpeg 750w, https:\/\/sabuguinho.com.br\/site\/wp-content\/uploads\/2023\/10\/Servicos-Cemiterio-adequacoes-2-1140x513.jpeg 1140w, https:\/\/sabuguinho.com.br\/site\/wp-content\/uploads\/2023\/10\/Servicos-Cemiterio-adequacoes-2.jpeg 1599w\" sizes=\"(max-width: 150px) 100vw, 150px\" \/><\/p>\n","protected":false},"excerpt":{"rendered":"<p>A Prefeitura da Est\u00e2ncia Tur\u00edstica de Avar\u00e9 promoveu adequa\u00e7\u00f5es no Cemit\u00e9rio Municipal para receber o p\u00fablico durante o feriado de Finados. Muro externo, cal\u00e7adas internas e port\u00f5es ganharam nova pintura, informa a administra\u00e7\u00e3o. Uma limpeza geral tamb\u00e9m foi realizada no espa\u00e7o. Aproximadamente 20 mil pessoas devem passar pelo local entre s\u00e1bado, 28, e o final [&hellip;]<\/p>\n","protected":false},"author":2,"featured_media":239,"comment_status":"open","ping_status":"open","sticky":false,"template":"","format":"standard","meta":{"footnotes":""},"categories":[58],"tags":[],"_links":{"self":[{"href":"https:\/\/sabuguinho.com.br\/site\/wp-json\/wp\/v2\/posts\/237"}],"collection":[{"href":"https:\/\/sabuguinho.com.br\/site\/wp-json\/wp\/v2\/posts"}],"about":[{"href":"https:\/\/sabuguinho.com.br\/site\/wp-json\/wp\/v2\/types\/post"}],"author":[{"embeddable":true,"href":"https:\/\/sabuguinho.com.br\/site\/wp-json\/wp\/v2\/users\/2"}],"replies":[{"embeddable":true,"href":"https:\/\/sabuguinho.com.br\/site\/wp-json\/wp\/v2\/comments?post=237"}],"version-history":[{"count":3,"href":"https:\/\/sabuguinho.com.br\/site\/wp-json\/wp\/v2\/posts\/237\/revisions"}],"predecessor-version":[{"id":254,"href":"https:\/\/sabuguinho.com.br\/site\/wp-json\/wp\/v2\/posts\/237\/revisions\/254"}],"wp:featuredmedia":[{"embeddable":true,"href":"https:\/\/sabuguinho.com.br\/site\/wp-json\/wp\/v2\/media\/239"}],"wp:attachment":[{"href":"https:\/\/sabuguinho.com.br\/site\/wp-json\/wp\/v2\/media?parent=237"}],"wp:term":[{"taxonomy":"category","embeddable":true,"href":"https:\/\/sabuguinho.com.br\/site\/wp-json\/wp\/v2\/categories?post=237"},{"taxonomy":"post_tag","embeddable":true,"href":"https:\/\/sabuguinho.com.br\/site\/wp-json\/wp\/v2\/tags?post=237"}],"curies":[{"name":"wp","href":"https:\/\/api.w.org\/{rel}","templated":true}]}}