{"id":23530,"date":"2025-05-28T17:37:50","date_gmt":"2025-05-28T20:37:50","guid":{"rendered":"https:\/\/sabuguinho.com.br\/site\/?p=23530"},"modified":"2025-05-28T17:37:50","modified_gmt":"2025-05-28T20:37:50","slug":"feminicidio-de-enfermeira-choca-a-cidade-e-prefeito-decreta-tres-dias-de-luto-oficial-em-avare","status":"publish","type":"post","link":"https:\/\/sabuguinho.com.br\/site\/feminicidio-de-enfermeira-choca-a-cidade-e-prefeito-decreta-tres-dias-de-luto-oficial-em-avare\/","title":{"rendered":"FEMINIC\u00cdDIO DE ENFERMEIRA CHOCA A CIDADE E PREFEITO DECRETA TR\u00caS DIAS DE LUTO OFICIAL EM AVAR\u00c9"},"content":{"rendered":"<p>A cidade de Avar\u00e9 est\u00e1 em profundo luto e consterna\u00e7\u00e3o ap\u00f3s o brutal assassinato da servidora p\u00fablica M\u00e1rcia de F\u00e1tima Meira, de 40 anos, v\u00edtima de feminic\u00eddio. Em resposta \u00e0 trag\u00e9dia que abalou a popula\u00e7\u00e3o, o prefeito Roberto Araujo decretou, na manh\u00e3 desta quarta-feira (28), luto oficial de tr\u00eas dias em todo o munic\u00edpio e a suspens\u00e3o dos atendimentos na unidade de sa\u00fade onde M\u00e1rcia trabalhava.<br \/>\nM\u00e1rcia, enfermeira dedicada, m\u00e3e e amplamente respeitada por colegas e pacientes, foi atacada na \u00faltima ter\u00e7a-feira (27) dentro de seu pr\u00f3prio local de trabalho \u2013 a Unidade B\u00e1sica de Sa\u00fade Dra. Maria Da Gl\u00f3ria Novaes Ramires Ferreira, no bairro Vera Cruz. O crime foi cometido pelo ex-marido, um fisioterapeuta de 40 anos, que invadiu a unidade repentinamente durante o expediente.<br \/>\nA v\u00edtima foi esfaqueada com ferimentos graves no abd\u00f4men. Apesar de ter sido socorrida e submetida a cirurgia, M\u00e1rcia n\u00e3o resistiu. A cena, descrita como de extrema viol\u00eancia, chocou a todos que testemunharam e reverberou por toda a cidade.<br \/>\nEm um gesto de respeito, dor e solidariedade \u00e0 fam\u00edlia, amigos e colegas de trabalho de M\u00e1rcia, o prefeito Roberto Araujo assinou o decreto de luto oficial. Al\u00e9m disso, a unidade de sa\u00fade onde a servidora atuava teve seus atendimentos suspensos nesta quarta-feira, como forma de homenagem e para permitir o luto coletivo.<br \/>\nEmocionado, o prefeito Roberto Araujo expressou sua dor e o sentimento de toda a comunidade: \u201cM\u00e1rcia era luz, cuidado, empatia. Uma profissional comprometida e uma mulher que jamais ser\u00e1 esquecida. Este luto \u00e9 de todos n\u00f3s. Estamos arrasados. A Prefeitura se une \u00e0 fam\u00edlia e \u00e0 popula\u00e7\u00e3o, que hoje choram a perda de uma mulher que dedicou a vida a cuidar dos outros. Que sua partida t\u00e3o cruel nos una ainda mais na luta contra toda forma de viol\u00eancia\u201d, afirmou o prefeito.<br \/>\nO autor do crime foi preso em flagrante e responder\u00e1 por feminic\u00eddio qualificado, conforme prev\u00ea a legisla\u00e7\u00e3o brasileira.<br \/>\nM\u00e1rcia de F\u00e1tima Meira deixa uma filha e uma trajet\u00f3ria marcada pelo amor ao pr\u00f3ximo e pela dedica\u00e7\u00e3o \u00e0 sa\u00fade. Sua mem\u00f3ria agora se torna um doloroso s\u00edmbolo de uma luta que precisa ser constante e inabal\u00e1vel: pela vida das mulheres, pela justi\u00e7a e por uma sociedade sem viol\u00eancia.<br \/>\n\u201cAvar\u00e9 chora. Mas tamb\u00e9m se compromete a n\u00e3o deixar esse crime cair no esquecimento\u201d, concluiu o prefeito Roberto Araujo, refor\u00e7ando o compromisso da cidade em combater todas as formas de viol\u00eancia de g\u00eanero e buscar justi\u00e7a para M\u00e1rcia e para todas as v\u00edtimas.<\/p>\n","protected":false},"excerpt":{"rendered":"<p>A cidade de Avar\u00e9 est\u00e1 em profundo luto e consterna\u00e7\u00e3o ap\u00f3s o brutal assassinato da servidora p\u00fablica M\u00e1rcia de F\u00e1tima Meira, de 40 anos, v\u00edtima de feminic\u00eddio. Em resposta \u00e0 trag\u00e9dia que abalou a popula\u00e7\u00e3o, o prefeito Roberto Araujo decretou, na manh\u00e3 desta quarta-feira (28), luto oficial de tr\u00eas dias em todo o munic\u00edpio e [&hellip;]<\/p>\n","protected":false},"author":2,"featured_media":23531,"comment_status":"open","ping_status":"open","sticky":false,"template":"","format":"standard","meta":{"footnotes":""},"categories":[52],"tags":[],"class_list":["post-23530","post","type-post","status-publish","format-standard","has-post-thumbnail","hentry","category-policiais"],"_links":{"self":[{"href":"https:\/\/sabuguinho.com.br\/site\/wp-json\/wp\/v2\/posts\/23530","targetHints":{"allow":["GET"]}}],"collection":[{"href":"https:\/\/sabuguinho.com.br\/site\/wp-json\/wp\/v2\/posts"}],"about":[{"href":"https:\/\/sabuguinho.com.br\/site\/wp-json\/wp\/v2\/types\/post"}],"author":[{"embeddable":true,"href":"https:\/\/sabuguinho.com.br\/site\/wp-json\/wp\/v2\/users\/2"}],"replies":[{"embeddable":true,"href":"https:\/\/sabuguinho.com.br\/site\/wp-json\/wp\/v2\/comments?post=23530"}],"version-history":[{"count":1,"href":"https:\/\/sabuguinho.com.br\/site\/wp-json\/wp\/v2\/posts\/23530\/revisions"}],"predecessor-version":[{"id":23532,"href":"https:\/\/sabuguinho.com.br\/site\/wp-json\/wp\/v2\/posts\/23530\/revisions\/23532"}],"wp:featuredmedia":[{"embeddable":true,"href":"https:\/\/sabuguinho.com.br\/site\/wp-json\/wp\/v2\/media\/23531"}],"wp:attachment":[{"href":"https:\/\/sabuguinho.com.br\/site\/wp-json\/wp\/v2\/media?parent=23530"}],"wp:term":[{"taxonomy":"category","embeddable":true,"href":"https:\/\/sabuguinho.com.br\/site\/wp-json\/wp\/v2\/categories?post=23530"},{"taxonomy":"post_tag","embeddable":true,"href":"https:\/\/sabuguinho.com.br\/site\/wp-json\/wp\/v2\/tags?post=23530"}],"curies":[{"name":"wp","href":"https:\/\/api.w.org\/{rel}","templated":true}]}}