{"id":23512,"date":"2025-05-28T16:06:35","date_gmt":"2025-05-28T19:06:35","guid":{"rendered":"https:\/\/sabuguinho.com.br\/site\/?p=23512"},"modified":"2025-05-28T16:06:35","modified_gmt":"2025-05-28T19:06:35","slug":"delegado-olim-e-reeleito-presidente-da-comissao-de-fiscalizacao-e-controle","status":"publish","type":"post","link":"https:\/\/sabuguinho.com.br\/site\/delegado-olim-e-reeleito-presidente-da-comissao-de-fiscalizacao-e-controle\/","title":{"rendered":"Delegado Olim \u00e9 reeleito presidente da Comiss\u00e3o de Fiscaliza\u00e7\u00e3o e Controle"},"content":{"rendered":"<p>Caio Fran\u00e7a foi escolhido como vice-presidente do colegiado; reuni\u00f5es ser\u00e3o \u00e0s quartas-feiras, \u00e0s 11h<\/p>\n<p>Daiana Rodrigues &#8211; Foto: Marco A. Cardelino<\/p>\n<p>A Comiss\u00e3o de Fiscaliza\u00e7\u00e3o e Controle da Assembleia Legislativa do Estado de S\u00e3o Paulo reelegeu, nesta quarta-feira (28), o deputado Delegado Olim (PP) como presidente para o bi\u00eanio 2025-2027. Na mesma vota\u00e7\u00e3o, Caio Fran\u00e7a (PSB) foi escolhido vice-presidente.<br \/>\nDelegado Olim destacou que a fiscaliza\u00e7\u00e3o parlamentar \u00e9 essencial para que a popula\u00e7\u00e3o saiba onde seus impostos est\u00e3o sendo aplicados. &#8220;Nossos esfor\u00e7os continuar\u00e3o alinhados ao papel exercido pelo Tribunal de Contas do Estado de S\u00e3o Paulo (TCE-SP). Com isso, iremos convocar alguns secret\u00e1rios estaduais para prestar esclarecimentos e cobrar pela qualidade do trabalho das empresas prestadoras de servi\u00e7os p\u00fablicos&#8221;, ressaltou.<br \/>\nPor sua vez, o vice-presidente Caio Fran\u00e7a refor\u00e7ou que a fiscaliza\u00e7\u00e3o \u00e9 uma das miss\u00f5es mais importantes do Poder Legislativo. &#8220;Nosso prop\u00f3sito \u00e9 cobrar a\u00e7\u00f5es que gerem de impactos positivos na vida das pessoas e uma delas \u00e9 zelar por servi\u00e7os p\u00fablicos eficazes&#8221;, pontuou.<br \/>\nAinda estiveram presentes na reuni\u00e3o Carlos Cezar (PL), Milton Leite Filho (Uni\u00e3o), Donato (PT) e Reis (PT).<br \/>\nNo final do encontro, os parlamentares definiram que as reuni\u00f5es da Comiss\u00e3o de Fiscaliza\u00e7\u00e3o e Controle ser\u00e3o realizadas nas quartas-feiras, \u00e0s 11 horas.<\/p>\n","protected":false},"excerpt":{"rendered":"<p>Caio Fran\u00e7a foi escolhido como vice-presidente do colegiado; reuni\u00f5es ser\u00e3o \u00e0s quartas-feiras, \u00e0s 11h Daiana Rodrigues &#8211; Foto: Marco A. Cardelino A Comiss\u00e3o de Fiscaliza\u00e7\u00e3o e Controle da Assembleia Legislativa do Estado de S\u00e3o Paulo reelegeu, nesta quarta-feira (28), o deputado Delegado Olim (PP) como presidente para o bi\u00eanio 2025-2027. Na mesma vota\u00e7\u00e3o, Caio Fran\u00e7a [&hellip;]<\/p>\n","protected":false},"author":2,"featured_media":23514,"comment_status":"open","ping_status":"open","sticky":false,"template":"","format":"standard","meta":{"footnotes":""},"categories":[1],"tags":[],"class_list":["post-23512","post","type-post","status-publish","format-standard","has-post-thumbnail","hentry","category-politicas-em-geral"],"_links":{"self":[{"href":"https:\/\/sabuguinho.com.br\/site\/wp-json\/wp\/v2\/posts\/23512","targetHints":{"allow":["GET"]}}],"collection":[{"href":"https:\/\/sabuguinho.com.br\/site\/wp-json\/wp\/v2\/posts"}],"about":[{"href":"https:\/\/sabuguinho.com.br\/site\/wp-json\/wp\/v2\/types\/post"}],"author":[{"embeddable":true,"href":"https:\/\/sabuguinho.com.br\/site\/wp-json\/wp\/v2\/users\/2"}],"replies":[{"embeddable":true,"href":"https:\/\/sabuguinho.com.br\/site\/wp-json\/wp\/v2\/comments?post=23512"}],"version-history":[{"count":1,"href":"https:\/\/sabuguinho.com.br\/site\/wp-json\/wp\/v2\/posts\/23512\/revisions"}],"predecessor-version":[{"id":23515,"href":"https:\/\/sabuguinho.com.br\/site\/wp-json\/wp\/v2\/posts\/23512\/revisions\/23515"}],"wp:featuredmedia":[{"embeddable":true,"href":"https:\/\/sabuguinho.com.br\/site\/wp-json\/wp\/v2\/media\/23514"}],"wp:attachment":[{"href":"https:\/\/sabuguinho.com.br\/site\/wp-json\/wp\/v2\/media?parent=23512"}],"wp:term":[{"taxonomy":"category","embeddable":true,"href":"https:\/\/sabuguinho.com.br\/site\/wp-json\/wp\/v2\/categories?post=23512"},{"taxonomy":"post_tag","embeddable":true,"href":"https:\/\/sabuguinho.com.br\/site\/wp-json\/wp\/v2\/tags?post=23512"}],"curies":[{"name":"wp","href":"https:\/\/api.w.org\/{rel}","templated":true}]}}