{"id":23468,"date":"2025-05-28T12:15:45","date_gmt":"2025-05-28T15:15:45","guid":{"rendered":"https:\/\/sabuguinho.com.br\/site\/?p=23468"},"modified":"2025-05-28T12:15:45","modified_gmt":"2025-05-28T15:15:45","slug":"operacao-da-dig-de-avare-prende-trio-acusado-pelo-homicidio-de-taxista-em-coronel-macedo","status":"publish","type":"post","link":"https:\/\/sabuguinho.com.br\/site\/operacao-da-dig-de-avare-prende-trio-acusado-pelo-homicidio-de-taxista-em-coronel-macedo\/","title":{"rendered":"Opera\u00e7\u00e3o da DIG de Avar\u00e9 prende trio acusado pelo homic\u00eddio de taxista em Coronel Macedo"},"content":{"rendered":"<p>Suspeitos foram capturados em Sorocaba e s\u00e3o investigados por participa\u00e7\u00e3o direta na morte premeditada<\/p>\n<p>A Delegacia de Investiga\u00e7\u00f5es Gerais (DIG) de Avar\u00e9 cumpriu, na manh\u00e3 desta quarta-feira, dia 28 de maio de 2025, tr\u00eas mandados de pris\u00e3o tempor\u00e1ria e um mandado de busca e apreens\u00e3o em Sorocaba. A a\u00e7\u00e3o, que contou com o apoio do Grupo de Opera\u00e7\u00f5es Especiais (GOE) de Sorocaba, faz parte das investiga\u00e7\u00f5es do homic\u00eddio que vitimou um taxista de 60 anos, encontrado morto no interior de seu ve\u00edculo na cidade de Coronel Macedo, em abril de 2024.<br \/>\nOs mandados foram expedidos pela Justi\u00e7a ap\u00f3s a apura\u00e7\u00e3o minuciosa dos fatos, que envolvem suspeitas de participa\u00e7\u00e3o ativa de tr\u00eas pessoas: uma mulher de 45 anos, seu filho de 27, e um homem de 51 anos. Todos foram localizados no bairro Jardim Esperan\u00e7a, no munic\u00edpio de Sorocaba.<br \/>\nAs investiga\u00e7\u00f5es revelaram fortes ind\u00edcios de que a morte da v\u00edtima, inicialmente registrada como suspeita, pode ter sido premeditada, com atua\u00e7\u00e3o direta dos investigados. O trabalho investigativo incluiu an\u00e1lise de registros telef\u00f4nicos, quebra de sigilos de dados, entre outras medidas importantes de apura\u00e7\u00e3o que apontaram para o envolvimento do trio.<br \/>\nDurante o cumprimento dos mandados, os policiais civis apreenderam diversos objetos, entre eles aparelhos celulares, documentos. computadores e outros materiais considerados relevantes para o aprofundamento das investiga\u00e7\u00f5es. Segundo a Pol\u00edcia Civil, os materiais ser\u00e3o submetidos \u00e0 per\u00edcia t\u00e9cnica, com o objetivo de confirmar ou refutar as suspeitas levantadas ao longo da investiga\u00e7\u00e3o.<br \/>\nA opera\u00e7\u00e3o desta quarta-feira \u00e9 resultado de meses de dilig\u00eancias que permitiram mapear a rela\u00e7\u00e3o entre os investigados e a v\u00edtima. Conforme apurado, os suspeitos mantinham v\u00ednculos pessoais e financeiros com o homem assassinado, al\u00e9m de ind\u00edcios de que teriam se beneficiado economicamente ap\u00f3s a sua morte, inclusive com a aquisi\u00e7\u00e3o de bens.<br \/>\nO caso ganhou notoriedade pela complexidade dos v\u00ednculos entre a v\u00edtima e os suspeitos, bem como pelas contradi\u00e7\u00f5es apresentadas nos interrogat\u00f3rios dos investigados, realizados recentemente pela DIG. Os elementos colhidos embasaram a representa\u00e7\u00e3o pela pris\u00e3o tempor\u00e1ria, visando assegurar a colheita de provas e evitar interfer\u00eancias na investiga\u00e7\u00e3o.<br \/>\nDe acordo com o delegado respons\u00e1vel pelo caso, Adriano Leite de Assis, as pris\u00f5es s\u00e3o fundamentais para o avan\u00e7o das investiga\u00e7\u00f5es e para a completa elucida\u00e7\u00e3o dos fatos. \u201cO inqu\u00e9rito aponta ind\u00edcios consistentes de homic\u00eddio qualificado, com premedita\u00e7\u00e3o, motivo torpe e participa\u00e7\u00e3o de mais de uma pessoa, o que exige uma apura\u00e7\u00e3o cautelosa e rigorosa\u201d, destacou.<br \/>\nOs tr\u00eas investigados permanecer\u00e3o \u00e0 disposi\u00e7\u00e3o da Justi\u00e7a, podendo ter as pris\u00f5es convertidas em preventivas, conforme o andamento do inqu\u00e9rito policial. A Pol\u00edcia Civil prossegue com as dilig\u00eancias complementares, visando \u00e0 identifica\u00e7\u00e3o de outros eventuais envolvidos e \u00e0 consolida\u00e7\u00e3o do conjunto probat\u00f3rio.<br \/>\nA Delegacia de Investiga\u00e7\u00f5es Gerais de Avar\u00e9 informou ainda que novas informa\u00e7\u00f5es sobre o caso poder\u00e3o ser divulgadas oportunamente, respeitando o sigilo necess\u00e1rio \u00e0 investiga\u00e7\u00e3o e os direitos constitucionais dos envolvidos. O inqu\u00e9rito policial segue em andamento, sob a supervis\u00e3o do Minist\u00e9rio P\u00fablico e do Poder Judici\u00e1rio.<\/p>\n","protected":false},"excerpt":{"rendered":"<p>Suspeitos foram capturados em Sorocaba e s\u00e3o investigados por participa\u00e7\u00e3o direta na morte premeditada A Delegacia de Investiga\u00e7\u00f5es Gerais (DIG) de Avar\u00e9 cumpriu, na manh\u00e3 desta quarta-feira, dia 28 de maio de 2025, tr\u00eas mandados de pris\u00e3o tempor\u00e1ria e um mandado de busca e apreens\u00e3o em Sorocaba. A a\u00e7\u00e3o, que contou com o apoio do [&hellip;]<\/p>\n","protected":false},"author":2,"featured_media":23469,"comment_status":"open","ping_status":"open","sticky":false,"template":"","format":"standard","meta":{"footnotes":""},"categories":[52],"tags":[],"class_list":["post-23468","post","type-post","status-publish","format-standard","has-post-thumbnail","hentry","category-policiais"],"_links":{"self":[{"href":"https:\/\/sabuguinho.com.br\/site\/wp-json\/wp\/v2\/posts\/23468","targetHints":{"allow":["GET"]}}],"collection":[{"href":"https:\/\/sabuguinho.com.br\/site\/wp-json\/wp\/v2\/posts"}],"about":[{"href":"https:\/\/sabuguinho.com.br\/site\/wp-json\/wp\/v2\/types\/post"}],"author":[{"embeddable":true,"href":"https:\/\/sabuguinho.com.br\/site\/wp-json\/wp\/v2\/users\/2"}],"replies":[{"embeddable":true,"href":"https:\/\/sabuguinho.com.br\/site\/wp-json\/wp\/v2\/comments?post=23468"}],"version-history":[{"count":1,"href":"https:\/\/sabuguinho.com.br\/site\/wp-json\/wp\/v2\/posts\/23468\/revisions"}],"predecessor-version":[{"id":23470,"href":"https:\/\/sabuguinho.com.br\/site\/wp-json\/wp\/v2\/posts\/23468\/revisions\/23470"}],"wp:featuredmedia":[{"embeddable":true,"href":"https:\/\/sabuguinho.com.br\/site\/wp-json\/wp\/v2\/media\/23469"}],"wp:attachment":[{"href":"https:\/\/sabuguinho.com.br\/site\/wp-json\/wp\/v2\/media?parent=23468"}],"wp:term":[{"taxonomy":"category","embeddable":true,"href":"https:\/\/sabuguinho.com.br\/site\/wp-json\/wp\/v2\/categories?post=23468"},{"taxonomy":"post_tag","embeddable":true,"href":"https:\/\/sabuguinho.com.br\/site\/wp-json\/wp\/v2\/tags?post=23468"}],"curies":[{"name":"wp","href":"https:\/\/api.w.org\/{rel}","templated":true}]}}