{"id":23437,"date":"2025-05-28T11:37:47","date_gmt":"2025-05-28T14:37:47","guid":{"rendered":"https:\/\/sabuguinho.com.br\/site\/?p=23437"},"modified":"2025-05-28T11:37:47","modified_gmt":"2025-05-28T14:37:47","slug":"avare-participa-de-encontro-de-prefeitos-do-alto-vale-do-paranapanema","status":"publish","type":"post","link":"https:\/\/sabuguinho.com.br\/site\/avare-participa-de-encontro-de-prefeitos-do-alto-vale-do-paranapanema\/","title":{"rendered":"Avar\u00e9 participa de encontro de prefeitos do Alto Vale do Paranapanema"},"content":{"rendered":"<p>Avar\u00e9 participou do encontro do Cons\u00f3rcio Intermunicipal do Alto Vale do Paranapanema (AMVAPA) realizado na segunda-feira, 26, em Ita\u00ed.<br \/>\nO prefeito Roberto Araujo foi representado pelos secret\u00e1rios Jos\u00e9 Ricardo de Oliveira (Ind\u00fastria e Com\u00e9rcio), Claudinei Cardoso Borges (Turismo) e Glauco F\u00e1varo (Gabinete).<br \/>\nConstaram na pauta discuss\u00f5es sobre a suposta instala\u00e7\u00e3o de ped\u00e1gios na regi\u00e3o, tema que os prefeitos da AMVAPA lutam contra, a duplica\u00e7\u00e3o da SP-255, que deve beneficiar Avar\u00e9.<br \/>\nOutro tema discutido foi a Cadeia Produtiva Local (CPL) da lichia de Ita\u00ed apresentada na reuni\u00e3o. O programa estadual permite que os munic\u00edpios inscrevam um projeto que fortale\u00e7a a cadeia produtiva da \u00e1rea escolhida.<br \/>\nAvar\u00e9, ali\u00e1s, far\u00e1 parte da CPL cuja proposta \u00e9 fortalecer o ramo t\u00eaxtil. &#8220;Essa \u00e9 a primeira vez que Avar\u00e9 far\u00e1 parte do programa&#8221;, comemora o secret\u00e1rio Ricardinho.<br \/>\nAl\u00e9m de prefeitos da regi\u00e3o, o encontro contou com a presen\u00e7a do deputado estadual Maur\u00edcio Neves, do Progressistas.<br \/>\nComposta por 19 munic\u00edpios, a AMVAPA trabalha pelo desenvolvimento da regi\u00e3o e pela realiza\u00e7\u00e3o dos interesses comuns dos entes consorciados na implementa\u00e7\u00e3o de suas m\u00faltiplas pol\u00edticas p\u00fablicas.<\/p>\n<p>:<\/p>\n<p>legenda: Prefeito Roberto Araujo foi representado pelos secret\u00e1rios Jos\u00e9 Ricardo de Oliveira (Ind\u00fastria e Com\u00e9rcio), Claudinei Cardoso Borges (Turismo) e Glauco F\u00e1varo (Gabinete)<\/p>\n<p>Fonte da Foto: Secom<\/p>\n","protected":false},"excerpt":{"rendered":"<p>Avar\u00e9 participou do encontro do Cons\u00f3rcio Intermunicipal do Alto Vale do Paranapanema (AMVAPA) realizado na segunda-feira, 26, em Ita\u00ed. O prefeito Roberto Araujo foi representado pelos secret\u00e1rios Jos\u00e9 Ricardo de Oliveira (Ind\u00fastria e Com\u00e9rcio), Claudinei Cardoso Borges (Turismo) e Glauco F\u00e1varo (Gabinete). Constaram na pauta discuss\u00f5es sobre a suposta instala\u00e7\u00e3o de ped\u00e1gios na regi\u00e3o, tema [&hellip;]<\/p>\n","protected":false},"author":2,"featured_media":23442,"comment_status":"open","ping_status":"open","sticky":false,"template":"","format":"standard","meta":{"footnotes":""},"categories":[58],"tags":[],"class_list":["post-23437","post","type-post","status-publish","format-standard","has-post-thumbnail","hentry","category-noticias-locais"],"_links":{"self":[{"href":"https:\/\/sabuguinho.com.br\/site\/wp-json\/wp\/v2\/posts\/23437","targetHints":{"allow":["GET"]}}],"collection":[{"href":"https:\/\/sabuguinho.com.br\/site\/wp-json\/wp\/v2\/posts"}],"about":[{"href":"https:\/\/sabuguinho.com.br\/site\/wp-json\/wp\/v2\/types\/post"}],"author":[{"embeddable":true,"href":"https:\/\/sabuguinho.com.br\/site\/wp-json\/wp\/v2\/users\/2"}],"replies":[{"embeddable":true,"href":"https:\/\/sabuguinho.com.br\/site\/wp-json\/wp\/v2\/comments?post=23437"}],"version-history":[{"count":1,"href":"https:\/\/sabuguinho.com.br\/site\/wp-json\/wp\/v2\/posts\/23437\/revisions"}],"predecessor-version":[{"id":23443,"href":"https:\/\/sabuguinho.com.br\/site\/wp-json\/wp\/v2\/posts\/23437\/revisions\/23443"}],"wp:featuredmedia":[{"embeddable":true,"href":"https:\/\/sabuguinho.com.br\/site\/wp-json\/wp\/v2\/media\/23442"}],"wp:attachment":[{"href":"https:\/\/sabuguinho.com.br\/site\/wp-json\/wp\/v2\/media?parent=23437"}],"wp:term":[{"taxonomy":"category","embeddable":true,"href":"https:\/\/sabuguinho.com.br\/site\/wp-json\/wp\/v2\/categories?post=23437"},{"taxonomy":"post_tag","embeddable":true,"href":"https:\/\/sabuguinho.com.br\/site\/wp-json\/wp\/v2\/tags?post=23437"}],"curies":[{"name":"wp","href":"https:\/\/api.w.org\/{rel}","templated":true}]}}