{"id":23332,"date":"2025-05-27T11:23:29","date_gmt":"2025-05-27T14:23:29","guid":{"rendered":"https:\/\/sabuguinho.com.br\/site\/?p=23332"},"modified":"2025-05-27T11:23:29","modified_gmt":"2025-05-27T14:23:29","slug":"paranapanema-policia-civil-prende-homem-de-27-anos-por-furto-estelionato-roubo-e-extorsao","status":"publish","type":"post","link":"https:\/\/sabuguinho.com.br\/site\/paranapanema-policia-civil-prende-homem-de-27-anos-por-furto-estelionato-roubo-e-extorsao\/","title":{"rendered":"PARANAPANEMA &#8211;  Pol\u00edcia Civil prende homem de 27 anos por furto, estelionato, roubo e extors\u00e3o"},"content":{"rendered":"<p>A Pol\u00edcia Civil prendeu preventivamente, na tarde de 26 de maio de 2025, um homem de 27 anos, acusado de praticar uma sequ\u00eancia de crimes patrimoniais graves no munic\u00edpio de Paranapanema. O investigado foi capturado ap\u00f3s ter cometido, no \u00faltimo dia 25, os crimes de roubo e extors\u00e3o contra seu colega de moradia.<br \/>\nConforme apurado, o suspeito utilizou uma faca para amea\u00e7ar a v\u00edtima, chegando a causar-lhe ferimentos superficiais no pesco\u00e7o. A viol\u00eancia foi empregada para for\u00e7ar a entrega do aparelho celular, bem como as senhas de acesso \u00e0 conta e ao cart\u00e3o banc\u00e1rio.<br \/>\nO epis\u00f3dio ocorreu na noite de domingo, 25 de maio, e a v\u00edtima, temendo por sua seguran\u00e7a, passou a noite fora de casa, comunicando o fato \u00e0 Pol\u00edcia Militar na manh\u00e3 seguinte. O relato possibilitou a mobiliza\u00e7\u00e3o das for\u00e7as policiais.<br \/>\nPosteriormente, a equipe policial militar localizou o suspeito em um posto de combust\u00edveis, \u00e0s margens da rodovia, onde ele se preparava para deixar o munic\u00edpio. No momento da abordagem, n\u00e3o havia mais situa\u00e7\u00e3o de flagrante delito, em raz\u00e3o do transcurso do tempo entre a pr\u00e1tica do crime e a localiza\u00e7\u00e3o do suspeito.<br \/>\nEm sua posse foram encontrados parte dos objetos subtra\u00eddos, incluindo um frasco de perfume, o cart\u00e3o banc\u00e1rio e o carregador de celular pertencentes \u00e0 v\u00edtima. A apreens\u00e3o desses itens refor\u00e7ou os ind\u00edcios da autoria criminosa.<br \/>\nDurante as investiga\u00e7\u00f5es, apurou-se que o mesmo homem j\u00e1 havia praticado, dias antes, em 18 de maio, outros delitos na cidade vizinha de Campos de Holambra, quando subtraiu dinheiro do caixa de um supermercado e, na sequ\u00eancia, utilizou parte do valor para realizar compras no pr\u00f3prio estabelecimento, configurando crimes de furto e estelionato.<br \/>\nAl\u00e9m disso, os levantamentos policiais indicaram que o suspeito possui condena\u00e7\u00e3o criminal proferida pela Vara Criminal de Lu\u00eds Eduardo Magalh\u00e3es, no estado da Bahia, onde foi sentenciado, embora ainda sem tr\u00e2nsito em julgado, a uma pena de cinco anos e quatro meses de reclus\u00e3o, tamb\u00e9m por crime patrimonial praticado com viol\u00eancia e grave amea\u00e7a.<br \/>\nDiante da gravidade dos fatos, da reitera\u00e7\u00e3o delitiva e do risco concreto de fuga, o delegado titular de Paranapanema, S\u00e9rgio Salvador de Andrade, representou pela pris\u00e3o preventiva do investigado. A medida foi acolhida pelo Minist\u00e9rio P\u00fablico e deferida pelo Poder Judici\u00e1rio, que destacou a necessidade de sua cust\u00f3dia para garantir a ordem p\u00fablica e assegurar a aplica\u00e7\u00e3o da lei penal.<br \/>\nAp\u00f3s a expedi\u00e7\u00e3o do mandado de pris\u00e3o, policiais civis de Paranapanema efetuaram a captura do suspeito, que foi submetido a exame de corpo de delito e posteriormente recolhido \u00e0 carceragem da Delegacia de Taquarituba, onde permanece \u00e0 disposi\u00e7\u00e3o do Poder Judici\u00e1rio.<\/p>\n","protected":false},"excerpt":{"rendered":"<p>A Pol\u00edcia Civil prendeu preventivamente, na tarde de 26 de maio de 2025, um homem de 27 anos, acusado de praticar uma sequ\u00eancia de crimes patrimoniais graves no munic\u00edpio de Paranapanema. O investigado foi capturado ap\u00f3s ter cometido, no \u00faltimo dia 25, os crimes de roubo e extors\u00e3o contra seu colega de moradia. Conforme apurado, [&hellip;]<\/p>\n","protected":false},"author":2,"featured_media":23333,"comment_status":"open","ping_status":"open","sticky":false,"template":"","format":"standard","meta":{"footnotes":""},"categories":[52],"tags":[],"class_list":["post-23332","post","type-post","status-publish","format-standard","has-post-thumbnail","hentry","category-policiais"],"_links":{"self":[{"href":"https:\/\/sabuguinho.com.br\/site\/wp-json\/wp\/v2\/posts\/23332","targetHints":{"allow":["GET"]}}],"collection":[{"href":"https:\/\/sabuguinho.com.br\/site\/wp-json\/wp\/v2\/posts"}],"about":[{"href":"https:\/\/sabuguinho.com.br\/site\/wp-json\/wp\/v2\/types\/post"}],"author":[{"embeddable":true,"href":"https:\/\/sabuguinho.com.br\/site\/wp-json\/wp\/v2\/users\/2"}],"replies":[{"embeddable":true,"href":"https:\/\/sabuguinho.com.br\/site\/wp-json\/wp\/v2\/comments?post=23332"}],"version-history":[{"count":1,"href":"https:\/\/sabuguinho.com.br\/site\/wp-json\/wp\/v2\/posts\/23332\/revisions"}],"predecessor-version":[{"id":23334,"href":"https:\/\/sabuguinho.com.br\/site\/wp-json\/wp\/v2\/posts\/23332\/revisions\/23334"}],"wp:featuredmedia":[{"embeddable":true,"href":"https:\/\/sabuguinho.com.br\/site\/wp-json\/wp\/v2\/media\/23333"}],"wp:attachment":[{"href":"https:\/\/sabuguinho.com.br\/site\/wp-json\/wp\/v2\/media?parent=23332"}],"wp:term":[{"taxonomy":"category","embeddable":true,"href":"https:\/\/sabuguinho.com.br\/site\/wp-json\/wp\/v2\/categories?post=23332"},{"taxonomy":"post_tag","embeddable":true,"href":"https:\/\/sabuguinho.com.br\/site\/wp-json\/wp\/v2\/tags?post=23332"}],"curies":[{"name":"wp","href":"https:\/\/api.w.org\/{rel}","templated":true}]}}