{"id":23259,"date":"2025-05-26T12:33:17","date_gmt":"2025-05-26T15:33:17","guid":{"rendered":"https:\/\/sabuguinho.com.br\/site\/?p=23259"},"modified":"2025-05-26T12:33:17","modified_gmt":"2025-05-26T15:33:17","slug":"educacao-palestra-sobre-sustentabilidade-reune-alunos-da-eja","status":"publish","type":"post","link":"https:\/\/sabuguinho.com.br\/site\/educacao-palestra-sobre-sustentabilidade-reune-alunos-da-eja\/","title":{"rendered":"EDUCA\u00c7\u00c3O &#8211; Palestra sobre sustentabilidade re\u00fane alunos da EJA"},"content":{"rendered":"<p>Atividade foi uma parceria entre as secretarias de Educa\u00e7\u00e3o e Meio Ambiente<\/p>\n<p>\u201cEduca\u00e7\u00e3o Ambiental e Sustentabilidade\u201d foi o tema da palestra ministrada pela Secretaria Municipal do Meio Ambiente a alunos da Educa\u00e7\u00e3o de Jovens e Adultos (EJA) de Avar\u00e9.<br \/>\nA atividade em parceria com a Secretaria Municipal da Educa\u00e7\u00e3o aconteceu no \u00faltimo dia 13 na escola municipal Maria Theresa de Oliveira Picalho (Dondoca).<br \/>\n\u201cO objetivo foi sensibilizar os estudantes quanto \u00e0 import\u00e2ncia da preserva\u00e7\u00e3o ambiental e estimular atitudes sustent\u00e1veis no cotidiano\u201d, destaca a Educa\u00e7\u00e3o.<br \/>\nOs alunos puderam participar com perguntas e reflex\u00f5es, refor\u00e7ando o protagonismo de cada cidad\u00e3o na constru\u00e7\u00e3o de um futuro mais sustent\u00e1vel, com foco em pequenas a\u00e7\u00f5es que podem gerar grandes impactos positivos para o meio ambiente.<br \/>\nOs participantes tamb\u00e9m receberam materiais educativos com orienta\u00e7\u00f5es sobre o plantio e a conserva\u00e7\u00e3o das \u00e1reas verdes.<br \/>\n\u201cA ideia \u00e9 promover uma educa\u00e7\u00e3o transformadora, que ultrapassa os limites da sala de aula e prepara os alunos da EJA para a promo\u00e7\u00e3o da sustentabilidade e do bem-estar coletivo\u201d, destaca a Educa\u00e7\u00e3o.<\/p>\n","protected":false},"excerpt":{"rendered":"<p>Atividade foi uma parceria entre as secretarias de Educa\u00e7\u00e3o e Meio Ambiente \u201cEduca\u00e7\u00e3o Ambiental e Sustentabilidade\u201d foi o tema da palestra ministrada pela Secretaria Municipal do Meio Ambiente a alunos da Educa\u00e7\u00e3o de Jovens e Adultos (EJA) de Avar\u00e9. A atividade em parceria com a Secretaria Municipal da Educa\u00e7\u00e3o aconteceu no \u00faltimo dia 13 na [&hellip;]<\/p>\n","protected":false},"author":2,"featured_media":23260,"comment_status":"open","ping_status":"open","sticky":false,"template":"","format":"standard","meta":{"footnotes":""},"categories":[58],"tags":[],"class_list":["post-23259","post","type-post","status-publish","format-standard","has-post-thumbnail","hentry","category-noticias-locais"],"_links":{"self":[{"href":"https:\/\/sabuguinho.com.br\/site\/wp-json\/wp\/v2\/posts\/23259","targetHints":{"allow":["GET"]}}],"collection":[{"href":"https:\/\/sabuguinho.com.br\/site\/wp-json\/wp\/v2\/posts"}],"about":[{"href":"https:\/\/sabuguinho.com.br\/site\/wp-json\/wp\/v2\/types\/post"}],"author":[{"embeddable":true,"href":"https:\/\/sabuguinho.com.br\/site\/wp-json\/wp\/v2\/users\/2"}],"replies":[{"embeddable":true,"href":"https:\/\/sabuguinho.com.br\/site\/wp-json\/wp\/v2\/comments?post=23259"}],"version-history":[{"count":1,"href":"https:\/\/sabuguinho.com.br\/site\/wp-json\/wp\/v2\/posts\/23259\/revisions"}],"predecessor-version":[{"id":23261,"href":"https:\/\/sabuguinho.com.br\/site\/wp-json\/wp\/v2\/posts\/23259\/revisions\/23261"}],"wp:featuredmedia":[{"embeddable":true,"href":"https:\/\/sabuguinho.com.br\/site\/wp-json\/wp\/v2\/media\/23260"}],"wp:attachment":[{"href":"https:\/\/sabuguinho.com.br\/site\/wp-json\/wp\/v2\/media?parent=23259"}],"wp:term":[{"taxonomy":"category","embeddable":true,"href":"https:\/\/sabuguinho.com.br\/site\/wp-json\/wp\/v2\/categories?post=23259"},{"taxonomy":"post_tag","embeddable":true,"href":"https:\/\/sabuguinho.com.br\/site\/wp-json\/wp\/v2\/tags?post=23259"}],"curies":[{"name":"wp","href":"https:\/\/api.w.org\/{rel}","templated":true}]}}