{"id":23201,"date":"2025-05-25T14:25:16","date_gmt":"2025-05-25T17:25:16","guid":{"rendered":"https:\/\/sabuguinho.com.br\/site\/?p=23201"},"modified":"2025-05-25T14:25:16","modified_gmt":"2025-05-25T17:25:16","slug":"em-busca-do-tri","status":"publish","type":"post","link":"https:\/\/sabuguinho.com.br\/site\/em-busca-do-tri\/","title":{"rendered":"Em busca do tri"},"content":{"rendered":"<p>Magnus estreia neste domingo (25) na Libertadores diante do Afemec, do Paraguai, para defender o t\u00edtulo<\/p>\n<p>A busca pela gl\u00f3ria eterna vai come\u00e7ar para o Magnus Futsal. Atual detentor do t\u00edtulo da Ta\u00e7a da Libertadores, a equipe sorocabana inicia a jornada em busca do tri, neste domingo (25), diante do paraguaio Afemec, \u00e0s 16h (hor\u00e1rio de Bras\u00edlia), na Cop Arena. A competi\u00e7\u00e3o ser\u00e1 realizada em Luque, Paraguai.<br \/>\nA delega\u00e7\u00e3o sorocabana chegou, na sexta-feira (23) \u00e0 tarde, ao pa\u00eds vizinho. Os jogadores, ent\u00e3o, j\u00e1 fizeram o reconhecimento de quadra. O t\u00e9cnico Ricardinho diz que n\u00e3o teve muito tempo para treinar, mas que os jogos v\u00e1lidos pelo calend\u00e1rio nacional e estadual serviram como uma esp\u00e9cie de prepara\u00e7\u00e3o.<br \/>\n\u201c\u00c9 uma competi\u00e7\u00e3o dur\u00edssima. S\u00e3o dez dias aqui, vivendo intensamente jogo atr\u00e1s de jogo. Acho que a gente tem de aproveitar muito o momento, porque sabemos o quanto \u00e9 duro disputar uma Libertadores, ainda mais com a gente vindo como atual campe\u00e3o\u201d, comenta. \u201cVamos tentar de tudo para defender este t\u00edtulo e levar o tricampeonato para Sorocaba.\u201d<br \/>\nEsta \u00e9 a quarta vez que o Magnus disputa o torneio. Em 2015, nos anos iniciais do projeto, foi o campe\u00e3o. Em 2018, caiu na semifinal para o Cerro Porte\u00f1o. No ano passado, na Argentina, a equipe conquistou o bi contra o Barracas Central.<br \/>\nPara a atual edi\u00e7\u00e3o &#8212; que \u00e9 a \u00faltima de Rodrigo Capita, pois ele pretende encerrar a carreira neste ano &#8211;, a equipe conta com o retorno de Leandro Lino. O ala, que ficou cinco meses afastado para tratar uma les\u00e3o, voltou a ser escalado.<\/p>\n<p>Sorocabano na equipe<\/p>\n<p>Quem tamb\u00e9m est\u00e1 no elenco \u00e9 o sorocabano Dieguinho. O ala retornou ao Magnus em 2022 e garante que n\u00e3o faltar\u00e1 entrega dos atletas. \u00c0 r\u00e1dio Cruzeiro FM 92,3, o atleta disse que \u201cv\u00e3o ter 14 jogadores empenhados em levantar o trof\u00e9u. Vai ser o torneio da nossa vida, porque o Magnus \u00e9 grande por causa disso. \u00c9 esse o pensamento\u201d.<br \/>\nEm entrevista ao radialista Victor Duarte, ele ainda afirmou que conta com o apoio da torcida, mesmo \u00e0 dist\u00e2ncia. \u201cMandem energias positivas, porque vai ter pais de fam\u00edlia, filhos que v\u00e3o em busca da gl\u00f3ria eterna novamente\u201d, complementa.<\/p>\n<p>Jogos<\/p>\n<p>O Magnus, atual campe\u00e3o, est\u00e1 no Grupo A. Na primeira fase, tem tr\u00eas jogos programados. Depois da estreia diante do Afemec, pega o Colo-Colo (Chile) e, por fim, o Sabaneros, da Col\u00f4mbia. Os confrontos ser\u00e3o um dia seguido do outra: 25, 26 e 27 de maio. O hor\u00e1rio \u00e9 o mesmo para todos, \u00e0s 16h. Os canais Sportv e Goat transmitem.<br \/>\nAl\u00e9m do Magnus, o Brasil ter\u00e1 ainda o Joinville como representante em busca de manter o pa\u00eds como o maior n\u00famero de t\u00edtulos conquistados &#8212; 20 &#8211;, seguido pela Argentina e pelo Paraguai, com um t\u00edtulo por pa\u00eds.<\/p>\n<p>Disputa<\/p>\n<p>A Libertadores de Futsal ser\u00e1 disputada em duas fases: a de grupos &#8212; composta por 12 equipes, distribu\u00eddas em tr\u00eas grupos de quatro times cada &#8212; e a final, que conta com as quartas, semi, final e a disputa do 5\u00ba ao 11\u00ba lugar. Todas as fases ser\u00e3o realizadas em s\u00f3 uma rodada.<br \/>\nOs times que ocuparem as duas primeiras posi\u00e7\u00f5es em cada grupo, mais as duas melhores terceiras colocadas, se classificam \u00e0s quartas de final, levando em conta os tr\u00eas grupos (1\u00b0A, 1\u00b0B, 1\u00b0C, 2\u00b0A, 2\u00b0B, 2\u00b0C e as duas melhores equipes terceiras colocadas). Em seguida, quem perder, sai, at\u00e9 chegar a grande final, prevista para 1\u00ba de junho.<\/p>\n<p> Foto<br \/>\nDelega\u00e7\u00e3o sorocabana chegou em Luque na tarde de ontem: confian\u00e7a na bagagem (Cr\u00e9dito: PEDRO TREVISAN \/ MAGNUS FUTSAL)<\/p>\n","protected":false},"excerpt":{"rendered":"<p>Magnus estreia neste domingo (25) na Libertadores diante do Afemec, do Paraguai, para defender o t\u00edtulo A busca pela gl\u00f3ria eterna vai come\u00e7ar para o Magnus Futsal. Atual detentor do t\u00edtulo da Ta\u00e7a da Libertadores, a equipe sorocabana inicia a jornada em busca do tri, neste domingo (25), diante do paraguaio Afemec, \u00e0s 16h (hor\u00e1rio [&hellip;]<\/p>\n","protected":false},"author":2,"featured_media":23202,"comment_status":"open","ping_status":"open","sticky":false,"template":"","format":"standard","meta":{"footnotes":""},"categories":[45],"tags":[],"class_list":["post-23201","post","type-post","status-publish","format-standard","has-post-thumbnail","hentry","category-esportes"],"_links":{"self":[{"href":"https:\/\/sabuguinho.com.br\/site\/wp-json\/wp\/v2\/posts\/23201","targetHints":{"allow":["GET"]}}],"collection":[{"href":"https:\/\/sabuguinho.com.br\/site\/wp-json\/wp\/v2\/posts"}],"about":[{"href":"https:\/\/sabuguinho.com.br\/site\/wp-json\/wp\/v2\/types\/post"}],"author":[{"embeddable":true,"href":"https:\/\/sabuguinho.com.br\/site\/wp-json\/wp\/v2\/users\/2"}],"replies":[{"embeddable":true,"href":"https:\/\/sabuguinho.com.br\/site\/wp-json\/wp\/v2\/comments?post=23201"}],"version-history":[{"count":1,"href":"https:\/\/sabuguinho.com.br\/site\/wp-json\/wp\/v2\/posts\/23201\/revisions"}],"predecessor-version":[{"id":23203,"href":"https:\/\/sabuguinho.com.br\/site\/wp-json\/wp\/v2\/posts\/23201\/revisions\/23203"}],"wp:featuredmedia":[{"embeddable":true,"href":"https:\/\/sabuguinho.com.br\/site\/wp-json\/wp\/v2\/media\/23202"}],"wp:attachment":[{"href":"https:\/\/sabuguinho.com.br\/site\/wp-json\/wp\/v2\/media?parent=23201"}],"wp:term":[{"taxonomy":"category","embeddable":true,"href":"https:\/\/sabuguinho.com.br\/site\/wp-json\/wp\/v2\/categories?post=23201"},{"taxonomy":"post_tag","embeddable":true,"href":"https:\/\/sabuguinho.com.br\/site\/wp-json\/wp\/v2\/tags?post=23201"}],"curies":[{"name":"wp","href":"https:\/\/api.w.org\/{rel}","templated":true}]}}