{"id":23109,"date":"2025-05-24T19:35:38","date_gmt":"2025-05-24T22:35:38","guid":{"rendered":"https:\/\/sabuguinho.com.br\/site\/?p=23109"},"modified":"2025-05-24T19:37:34","modified_gmt":"2025-05-24T22:37:34","slug":"motorista-de-22-anos-fica-ferido-apos-capotar-carro-em-rodovia-da-regiao-veja-video","status":"publish","type":"post","link":"https:\/\/sabuguinho.com.br\/site\/motorista-de-22-anos-fica-ferido-apos-capotar-carro-em-rodovia-da-regiao-veja-video\/","title":{"rendered":"MOTORISTA DE 22 ANOS FICA FERIDO AP\u00d3S CAPOTAR CARRO EM RODOVIA DA REGI\u00c3O;"},"content":{"rendered":"<p>Um acidente na Rodovia Osni Mateus (SP-261), no trecho entre Cerqueira C\u00e9sar e \u00c1guas de Santa B\u00e1rbara, resultou no capotamento de um ve\u00edculo e deixou o motorista gravemente ferido na manh\u00e3 deste s\u00e1bado (24). O incidente, ocorrido por volta das 11 horas no km 46 da via, causou a interdi\u00e7\u00e3o da rodovia e provocou filas de ve\u00edculos.<br \/>\nDe acordo com a Pol\u00edcia Militar Rodovi\u00e1ria, um VW Gol capotou, parando com as rodas para cima. As causas do acidente ainda s\u00e3o desconhecidas.<br \/>\nA Pol\u00edcia Militar de \u00c1guas de Santa B\u00e1rbara foi a primeira a chegar ao local, prestando os primeiros socorros at\u00e9 a chegada das equipes de resgate.<br \/>\nO motorista, um jovem de 22 anos, sofreu ferimentos graves, mas felizmente n\u00e3o corre risco de morte. Ele recebeu atendimento inicial no local e foi posteriormente encaminhado ao Pronto Socorro de Avar\u00e9.<\/p>\n","protected":false},"excerpt":{"rendered":"<p>Um acidente na Rodovia Osni Mateus (SP-261), no trecho entre Cerqueira C\u00e9sar e \u00c1guas de Santa B\u00e1rbara, resultou no capotamento de um ve\u00edculo e deixou o motorista gravemente ferido na manh\u00e3 deste s\u00e1bado (24). O incidente, ocorrido por volta das 11 horas no km 46 da via, causou a interdi\u00e7\u00e3o da rodovia e provocou filas [&hellip;]<\/p>\n","protected":false},"author":2,"featured_media":23110,"comment_status":"open","ping_status":"open","sticky":false,"template":"","format":"standard","meta":{"footnotes":""},"categories":[52],"tags":[],"class_list":["post-23109","post","type-post","status-publish","format-standard","has-post-thumbnail","hentry","category-policiais"],"_links":{"self":[{"href":"https:\/\/sabuguinho.com.br\/site\/wp-json\/wp\/v2\/posts\/23109","targetHints":{"allow":["GET"]}}],"collection":[{"href":"https:\/\/sabuguinho.com.br\/site\/wp-json\/wp\/v2\/posts"}],"about":[{"href":"https:\/\/sabuguinho.com.br\/site\/wp-json\/wp\/v2\/types\/post"}],"author":[{"embeddable":true,"href":"https:\/\/sabuguinho.com.br\/site\/wp-json\/wp\/v2\/users\/2"}],"replies":[{"embeddable":true,"href":"https:\/\/sabuguinho.com.br\/site\/wp-json\/wp\/v2\/comments?post=23109"}],"version-history":[{"count":2,"href":"https:\/\/sabuguinho.com.br\/site\/wp-json\/wp\/v2\/posts\/23109\/revisions"}],"predecessor-version":[{"id":23112,"href":"https:\/\/sabuguinho.com.br\/site\/wp-json\/wp\/v2\/posts\/23109\/revisions\/23112"}],"wp:featuredmedia":[{"embeddable":true,"href":"https:\/\/sabuguinho.com.br\/site\/wp-json\/wp\/v2\/media\/23110"}],"wp:attachment":[{"href":"https:\/\/sabuguinho.com.br\/site\/wp-json\/wp\/v2\/media?parent=23109"}],"wp:term":[{"taxonomy":"category","embeddable":true,"href":"https:\/\/sabuguinho.com.br\/site\/wp-json\/wp\/v2\/categories?post=23109"},{"taxonomy":"post_tag","embeddable":true,"href":"https:\/\/sabuguinho.com.br\/site\/wp-json\/wp\/v2\/tags?post=23109"}],"curies":[{"name":"wp","href":"https:\/\/api.w.org\/{rel}","templated":true}]}}