{"id":23092,"date":"2025-05-24T14:40:29","date_gmt":"2025-05-24T17:40:29","guid":{"rendered":"https:\/\/sabuguinho.com.br\/site\/?p=23092"},"modified":"2025-05-24T14:40:29","modified_gmt":"2025-05-24T17:40:29","slug":"cultura-avare-rock-fest-reune-8-mil-pessoas-e-ressalta-vocacao-da-cidade-para-a-musica","status":"publish","type":"post","link":"https:\/\/sabuguinho.com.br\/site\/cultura-avare-rock-fest-reune-8-mil-pessoas-e-ressalta-vocacao-da-cidade-para-a-musica\/","title":{"rendered":"CULTURA  Avar\u00e9 Rock Fest re\u00fane 8 mil pessoas e ressalta voca\u00e7\u00e3o da cidade para a m\u00fasica"},"content":{"rendered":"<p>Evento teve Raimundos como atra\u00e7\u00e3o, al\u00e9m de bandas locais e ampla programa\u00e7\u00e3o<\/p>\n<p>Muita m\u00fasica, solidariedade e uma ampla programa\u00e7\u00e3o marcaram o 2\u00ba Avar\u00e9 Rock Fest realizado nos dias 17 e 18 no Parque de Exposi\u00e7\u00f5es Fernando Cruz Pimentel.<br \/>\nCom um p\u00fablico estimado de 8 mil pessoas, o evento consolida Avar\u00e9 como refer\u00eancia regional quando o assunto \u00e9 rock.<br \/>\nO grupo Raimundos foi a atra\u00e7\u00e3o da edi\u00e7\u00e3o. Bandas de Avar\u00e9 e regi\u00e3o tamb\u00e9m subiram ao palco do evento, que contou com ampla estrutura para receber o p\u00fablico.<br \/>\n\u201c\u00c9 Avar\u00e9 ressaltando sua voca\u00e7\u00e3o natural para a m\u00fasica\u201d, destaca a aecret\u00e1ria de Cultura Thais Francini.<br \/>\nA programa\u00e7\u00e3o incluiu motociata com a presen\u00e7a do prefeito Roberto Araujo, concurso de cosplay, atividades esportivas, manobras radicais e muito mais.<\/p>\n<p>Confira mais imagens no Facebook e Instagram da Prefeitura de Avar\u00e9.<\/p>\n<p>Rock solid\u00e1rio<\/p>\n<p>Al\u00e9m de muita m\u00fasica, 2\u00ba Avar\u00e9 Rock Fest mostrou o poder de transforma\u00e7\u00e3o social da arte, j\u00e1 que foi arrecadada mais de uma tonelada de alimentos para o Fundo Social de Solidariedade.<br \/>\nO 2\u00ba Avar\u00e9 Rock Fest \u00e9 uma realiza\u00e7\u00e3o da Prefeitura da Est\u00e2ncia Tur\u00edstica de Avar\u00e9, por meio da Secretaria Municipal de Cultura e Comiss\u00e3o Organizadora.<br \/>\nA edi\u00e7\u00e3o contou com o apoio da Associa\u00e7\u00e3o Paulista Amigos da Arte (APAA), entidade dedicada \u00e0 promo\u00e7\u00e3o da cultura em S\u00e3o Paulo, Secretaria da Cultura, Economia e Ind\u00fastria Criativas do Estado de S\u00e3o Paulo, Tudo Vira CultSP e Festivais SP.<br \/>\nO 2\u00ba Avar\u00e9 Rock Fest contou com o patroc\u00ednio da Faculdade Feap, Centro Universit\u00e1rio Uneduvale, R\u00e1dio Masther Rock, Olho Vivo Vistorias Automotivas, Col\u00e9gio Fortitude, CSI Odontologia, IGO Mobilidade, Pinheir\u00e3o Supermercados, Grupo RB, Motofic, Im\u00f3vel Valoriza, Agrogiro, Criluli Autoposto, Fiquei Famoso e Proest Renault.<\/p>\n<p><img loading=\"lazy\" decoding=\"async\" src=\"https:\/\/sabuguinho.com.br\/site\/wp-content\/uploads\/2025\/05\/Prefeito-Roberto-Araujo-com-secretaria-Thais-e-primeira-dama-Erika-150x100.jpg\" alt=\"\" width=\"150\" height=\"100\" class=\"alignnone size-medium wp-image-23093\" srcset=\"https:\/\/sabuguinho.com.br\/site\/wp-content\/uploads\/2025\/05\/Prefeito-Roberto-Araujo-com-secretaria-Thais-e-primeira-dama-Erika-150x100.jpg 150w, https:\/\/sabuguinho.com.br\/site\/wp-content\/uploads\/2025\/05\/Prefeito-Roberto-Araujo-com-secretaria-Thais-e-primeira-dama-Erika-512x341.jpg 512w, https:\/\/sabuguinho.com.br\/site\/wp-content\/uploads\/2025\/05\/Prefeito-Roberto-Araujo-com-secretaria-Thais-e-primeira-dama-Erika-768x512.jpg 768w, https:\/\/sabuguinho.com.br\/site\/wp-content\/uploads\/2025\/05\/Prefeito-Roberto-Araujo-com-secretaria-Thais-e-primeira-dama-Erika-1536x1024.jpg 1536w, https:\/\/sabuguinho.com.br\/site\/wp-content\/uploads\/2025\/05\/Prefeito-Roberto-Araujo-com-secretaria-Thais-e-primeira-dama-Erika-2048x1365.jpg 2048w, https:\/\/sabuguinho.com.br\/site\/wp-content\/uploads\/2025\/05\/Prefeito-Roberto-Araujo-com-secretaria-Thais-e-primeira-dama-Erika-750x500.jpg 750w, https:\/\/sabuguinho.com.br\/site\/wp-content\/uploads\/2025\/05\/Prefeito-Roberto-Araujo-com-secretaria-Thais-e-primeira-dama-Erika-1140x760.jpg 1140w\" sizes=\"auto, (max-width: 150px) 100vw, 150px\" \/><\/p>\n<p><img loading=\"lazy\" decoding=\"async\" src=\"https:\/\/sabuguinho.com.br\/site\/wp-content\/uploads\/2025\/05\/Avare-Rock-Fest-contou-com-ampla-programacao-I-Flavio-Mantovani-Secom-Avare-6-150x100.jpg\" alt=\"\" width=\"150\" height=\"100\" class=\"alignnone size-medium wp-image-23094\" srcset=\"https:\/\/sabuguinho.com.br\/site\/wp-content\/uploads\/2025\/05\/Avare-Rock-Fest-contou-com-ampla-programacao-I-Flavio-Mantovani-Secom-Avare-6-150x100.jpg 150w, https:\/\/sabuguinho.com.br\/site\/wp-content\/uploads\/2025\/05\/Avare-Rock-Fest-contou-com-ampla-programacao-I-Flavio-Mantovani-Secom-Avare-6-512x341.jpg 512w, https:\/\/sabuguinho.com.br\/site\/wp-content\/uploads\/2025\/05\/Avare-Rock-Fest-contou-com-ampla-programacao-I-Flavio-Mantovani-Secom-Avare-6-768x512.jpg 768w, https:\/\/sabuguinho.com.br\/site\/wp-content\/uploads\/2025\/05\/Avare-Rock-Fest-contou-com-ampla-programacao-I-Flavio-Mantovani-Secom-Avare-6-1536x1024.jpg 1536w, https:\/\/sabuguinho.com.br\/site\/wp-content\/uploads\/2025\/05\/Avare-Rock-Fest-contou-com-ampla-programacao-I-Flavio-Mantovani-Secom-Avare-6-2048x1365.jpg 2048w, https:\/\/sabuguinho.com.br\/site\/wp-content\/uploads\/2025\/05\/Avare-Rock-Fest-contou-com-ampla-programacao-I-Flavio-Mantovani-Secom-Avare-6-750x500.jpg 750w, https:\/\/sabuguinho.com.br\/site\/wp-content\/uploads\/2025\/05\/Avare-Rock-Fest-contou-com-ampla-programacao-I-Flavio-Mantovani-Secom-Avare-6-1140x760.jpg 1140w\" sizes=\"auto, (max-width: 150px) 100vw, 150px\" \/><\/p>\n<p><img loading=\"lazy\" decoding=\"async\" src=\"https:\/\/sabuguinho.com.br\/site\/wp-content\/uploads\/2025\/05\/Avare-Rock-Fest-contou-com-ampla-programacao-I-Flavio-Mantovani-Secom-Avare-4-150x100.jpg\" alt=\"\" width=\"150\" height=\"100\" class=\"alignnone size-medium wp-image-23095\" srcset=\"https:\/\/sabuguinho.com.br\/site\/wp-content\/uploads\/2025\/05\/Avare-Rock-Fest-contou-com-ampla-programacao-I-Flavio-Mantovani-Secom-Avare-4-150x100.jpg 150w, https:\/\/sabuguinho.com.br\/site\/wp-content\/uploads\/2025\/05\/Avare-Rock-Fest-contou-com-ampla-programacao-I-Flavio-Mantovani-Secom-Avare-4-512x341.jpg 512w, https:\/\/sabuguinho.com.br\/site\/wp-content\/uploads\/2025\/05\/Avare-Rock-Fest-contou-com-ampla-programacao-I-Flavio-Mantovani-Secom-Avare-4-768x512.jpg 768w, https:\/\/sabuguinho.com.br\/site\/wp-content\/uploads\/2025\/05\/Avare-Rock-Fest-contou-com-ampla-programacao-I-Flavio-Mantovani-Secom-Avare-4-1536x1024.jpg 1536w, https:\/\/sabuguinho.com.br\/site\/wp-content\/uploads\/2025\/05\/Avare-Rock-Fest-contou-com-ampla-programacao-I-Flavio-Mantovani-Secom-Avare-4-2048x1365.jpg 2048w, https:\/\/sabuguinho.com.br\/site\/wp-content\/uploads\/2025\/05\/Avare-Rock-Fest-contou-com-ampla-programacao-I-Flavio-Mantovani-Secom-Avare-4-750x500.jpg 750w, https:\/\/sabuguinho.com.br\/site\/wp-content\/uploads\/2025\/05\/Avare-Rock-Fest-contou-com-ampla-programacao-I-Flavio-Mantovani-Secom-Avare-4-1140x760.jpg 1140w\" sizes=\"auto, (max-width: 150px) 100vw, 150px\" \/><\/p>\n<p><img loading=\"lazy\" decoding=\"async\" src=\"https:\/\/sabuguinho.com.br\/site\/wp-content\/uploads\/2025\/05\/Avare-Rock-Fest-contou-com-ampla-programacao-I-Flavio-Mantovani-Secom-Avare-3-150x100.jpg\" alt=\"\" width=\"150\" height=\"100\" class=\"alignnone size-medium wp-image-23096\" srcset=\"https:\/\/sabuguinho.com.br\/site\/wp-content\/uploads\/2025\/05\/Avare-Rock-Fest-contou-com-ampla-programacao-I-Flavio-Mantovani-Secom-Avare-3-150x100.jpg 150w, https:\/\/sabuguinho.com.br\/site\/wp-content\/uploads\/2025\/05\/Avare-Rock-Fest-contou-com-ampla-programacao-I-Flavio-Mantovani-Secom-Avare-3-512x341.jpg 512w, https:\/\/sabuguinho.com.br\/site\/wp-content\/uploads\/2025\/05\/Avare-Rock-Fest-contou-com-ampla-programacao-I-Flavio-Mantovani-Secom-Avare-3-768x512.jpg 768w, https:\/\/sabuguinho.com.br\/site\/wp-content\/uploads\/2025\/05\/Avare-Rock-Fest-contou-com-ampla-programacao-I-Flavio-Mantovani-Secom-Avare-3-1536x1024.jpg 1536w, https:\/\/sabuguinho.com.br\/site\/wp-content\/uploads\/2025\/05\/Avare-Rock-Fest-contou-com-ampla-programacao-I-Flavio-Mantovani-Secom-Avare-3-2048x1365.jpg 2048w, https:\/\/sabuguinho.com.br\/site\/wp-content\/uploads\/2025\/05\/Avare-Rock-Fest-contou-com-ampla-programacao-I-Flavio-Mantovani-Secom-Avare-3-750x500.jpg 750w, https:\/\/sabuguinho.com.br\/site\/wp-content\/uploads\/2025\/05\/Avare-Rock-Fest-contou-com-ampla-programacao-I-Flavio-Mantovani-Secom-Avare-3-1140x760.jpg 1140w\" sizes=\"auto, (max-width: 150px) 100vw, 150px\" \/><\/p>\n<p><img loading=\"lazy\" decoding=\"async\" src=\"https:\/\/sabuguinho.com.br\/site\/wp-content\/uploads\/2025\/05\/Avare-Rock-Fest-contou-com-ampla-programacao-I-Flavio-Mantovani-Secom-Avare-1-1-150x100.jpg\" alt=\"\" width=\"150\" height=\"100\" class=\"alignnone size-medium wp-image-23097\" srcset=\"https:\/\/sabuguinho.com.br\/site\/wp-content\/uploads\/2025\/05\/Avare-Rock-Fest-contou-com-ampla-programacao-I-Flavio-Mantovani-Secom-Avare-1-1-150x100.jpg 150w, https:\/\/sabuguinho.com.br\/site\/wp-content\/uploads\/2025\/05\/Avare-Rock-Fest-contou-com-ampla-programacao-I-Flavio-Mantovani-Secom-Avare-1-1-512x341.jpg 512w, https:\/\/sabuguinho.com.br\/site\/wp-content\/uploads\/2025\/05\/Avare-Rock-Fest-contou-com-ampla-programacao-I-Flavio-Mantovani-Secom-Avare-1-1-768x512.jpg 768w, https:\/\/sabuguinho.com.br\/site\/wp-content\/uploads\/2025\/05\/Avare-Rock-Fest-contou-com-ampla-programacao-I-Flavio-Mantovani-Secom-Avare-1-1-1536x1024.jpg 1536w, https:\/\/sabuguinho.com.br\/site\/wp-content\/uploads\/2025\/05\/Avare-Rock-Fest-contou-com-ampla-programacao-I-Flavio-Mantovani-Secom-Avare-1-1-2048x1365.jpg 2048w, https:\/\/sabuguinho.com.br\/site\/wp-content\/uploads\/2025\/05\/Avare-Rock-Fest-contou-com-ampla-programacao-I-Flavio-Mantovani-Secom-Avare-1-1-750x500.jpg 750w, https:\/\/sabuguinho.com.br\/site\/wp-content\/uploads\/2025\/05\/Avare-Rock-Fest-contou-com-ampla-programacao-I-Flavio-Mantovani-Secom-Avare-1-1-1140x760.jpg 1140w\" sizes=\"auto, (max-width: 150px) 100vw, 150px\" \/><\/p>\n","protected":false},"excerpt":{"rendered":"<p>Evento teve Raimundos como atra\u00e7\u00e3o, al\u00e9m de bandas locais e ampla programa\u00e7\u00e3o Muita m\u00fasica, solidariedade e uma ampla programa\u00e7\u00e3o marcaram o 2\u00ba Avar\u00e9 Rock Fest realizado nos dias 17 e 18 no Parque de Exposi\u00e7\u00f5es Fernando Cruz Pimentel. Com um p\u00fablico estimado de 8 mil pessoas, o evento consolida Avar\u00e9 como refer\u00eancia regional quando o [&hellip;]<\/p>\n","protected":false},"author":2,"featured_media":23098,"comment_status":"open","ping_status":"open","sticky":false,"template":"","format":"standard","meta":{"footnotes":""},"categories":[58],"tags":[],"class_list":["post-23092","post","type-post","status-publish","format-standard","has-post-thumbnail","hentry","category-noticias-locais"],"_links":{"self":[{"href":"https:\/\/sabuguinho.com.br\/site\/wp-json\/wp\/v2\/posts\/23092","targetHints":{"allow":["GET"]}}],"collection":[{"href":"https:\/\/sabuguinho.com.br\/site\/wp-json\/wp\/v2\/posts"}],"about":[{"href":"https:\/\/sabuguinho.com.br\/site\/wp-json\/wp\/v2\/types\/post"}],"author":[{"embeddable":true,"href":"https:\/\/sabuguinho.com.br\/site\/wp-json\/wp\/v2\/users\/2"}],"replies":[{"embeddable":true,"href":"https:\/\/sabuguinho.com.br\/site\/wp-json\/wp\/v2\/comments?post=23092"}],"version-history":[{"count":1,"href":"https:\/\/sabuguinho.com.br\/site\/wp-json\/wp\/v2\/posts\/23092\/revisions"}],"predecessor-version":[{"id":23099,"href":"https:\/\/sabuguinho.com.br\/site\/wp-json\/wp\/v2\/posts\/23092\/revisions\/23099"}],"wp:featuredmedia":[{"embeddable":true,"href":"https:\/\/sabuguinho.com.br\/site\/wp-json\/wp\/v2\/media\/23098"}],"wp:attachment":[{"href":"https:\/\/sabuguinho.com.br\/site\/wp-json\/wp\/v2\/media?parent=23092"}],"wp:term":[{"taxonomy":"category","embeddable":true,"href":"https:\/\/sabuguinho.com.br\/site\/wp-json\/wp\/v2\/categories?post=23092"},{"taxonomy":"post_tag","embeddable":true,"href":"https:\/\/sabuguinho.com.br\/site\/wp-json\/wp\/v2\/tags?post=23092"}],"curies":[{"name":"wp","href":"https:\/\/api.w.org\/{rel}","templated":true}]}}