{"id":23047,"date":"2025-05-24T11:18:31","date_gmt":"2025-05-24T14:18:31","guid":{"rendered":"https:\/\/sabuguinho.com.br\/site\/?p=23047"},"modified":"2025-05-24T11:18:31","modified_gmt":"2025-05-24T14:18:31","slug":"detran-sp-vai-as-ruas-sensibilizar-populacao-sobre-riscos-da-velocidade-na-ultima-semana-do-maio-amarelo","status":"publish","type":"post","link":"https:\/\/sabuguinho.com.br\/site\/detran-sp-vai-as-ruas-sensibilizar-populacao-sobre-riscos-da-velocidade-na-ultima-semana-do-maio-amarelo\/","title":{"rendered":"Detran-SP vai \u00e0s ruas sensibilizar popula\u00e7\u00e3o sobre riscos da velocidade na \u00faltima semana do Maio Amarelo"},"content":{"rendered":"<p>Principal causa de mortes no tr\u00e2nsito, dire\u00e7\u00e3o apressada \u00e9 tema da campanha; regi\u00e3o de Bauru ter\u00e1 sete a\u00e7\u00f5es essa semana<\/p>\n<p>Bauru, 24 de maio de 2025 \u2013 Acima de 40 km\/h, um ve\u00edculo dificilmente conseguir\u00e1 frear a tempo de evitar uma colis\u00e3o. Se o veloc\u00edmetro marcar mais de 60 km\/h, a chance de que haja sobreviventes ap\u00f3s um choque \u00e9 de apenas 2%. Para sensibilizar a popula\u00e7\u00e3o sobre os perigos da velocidade, o Departamento Estadual de Tr\u00e2nsito de S\u00e3o Paulo (Detran-SP) p\u00f5e em evid\u00eancia, em campanha educativa j\u00e1 em circula\u00e7\u00e3o, a dor de quem fica quando h\u00e1 uma fatalidade no tr\u00e2nsito. Criada no contexto do Maio Amarelo, m\u00eas dedicado \u00e0 defesa da seguran\u00e7a vi\u00e1ria, a campanha chega \u00e0s ruas tamb\u00e9m por meio de a\u00e7\u00f5es educativas em todo o estado.<br \/>\nCom o texto \u201cO importante \u00e9 chegar. Respeite os limites de velocidade. Se n\u00e3o por voc\u00ea, por quem voc\u00ea ama\u201d, as pe\u00e7as informativas ser\u00e3o transmitidas na televis\u00e3o, internet, r\u00e1dio e mobili\u00e1rio urbano em estradas e \u00e1reas de forte movimento, e chegar\u00e3o \u00e0s m\u00e3os e ouvidos de milhares de pessoas a partir da abordagem, distribui\u00e7\u00e3o de materiais educativos e de din\u00e2micas que representantes do Detran-SP conduzir\u00e3o nas ruas. <\/p>\n<p>Regi\u00e3o de Bauru<\/p>\n<p>Bauru (26\/05)<\/p>\n<p>14h \u00e0s 16h: Em parceria com a EMDURB Bauru, Teatro de Fantoches na ALESAB \u2013 Programas de Integra\u00e7\u00e3o e Assist\u00eancia \u00e0 Crian\u00e7a e Adolescente &#8211; Rua M\u00e9xico, n\u00b0 12-37, Jd. Terra Branca<\/p>\n<p>Bauru (27\/05)<\/p>\n<p>9h \u00e0s 11h e 14h \u00e0s 16h: Em parceria com a EMDURB Bauru, Teatro de Fantoches no CEU das Artes na EMEF Lourdes de Oliveira Colnaghi &#8211; Rua a Alameda Jo\u00e3o Batista P. Fantim, n\u00b0 3-20, bairro N. Jos\u00e9 Regino<\/p>\n<p>Santa Cruz do Rio Pardo (27\/05)<\/p>\n<p>9h \u00e0s 11h: Em parceria com DEMUTRAN e Prefeitura Municipal de Santa Cruz do Rio Pardo, parada educativa no centro da cidade, com distribui\u00e7\u00e3o de materiais e intera\u00e7\u00e3o com os cidad\u00e3os &#8211; Rua Farmac\u00eautico Alz\u00edrio de Souza Santos, n\u00b0 459-551 &#8211; Bairro S\u00e3o Jos\u00e9, Santa Cruz do Rio Pardo &#8211; SP, 18900-000. Coreto do Jardim.<\/p>\n<p>Bauru (28\/05)<\/p>\n<p>13h30 \u00e0s 15h30: Em parceria com a EMDURB Bauru, Conta\u00e7\u00e3o de Hist\u00f3rias de Tr\u00e2nsito no EMEII Luzia Maria Daibem Ferraz de Arruda &#8211; Rua Luis Marc\u00edlio Bernardo, n\u00b0 3-160, N. Nobuji Nagasawa<\/p>\n<p>Mar\u00edlia (29\/05)<\/p>\n<p>9h \u00e0s 12h: Em parceria com EMDURB Mar\u00edlia, PRF e Secretaria da Educa\u00e7\u00e3o, a\u00e7\u00e3o da Cidade Mirim com os alunos das EMEIs e EMEFs no gin\u00e1sio Cemesc (Zona Sul) &#8211; Rua Silvia Ribeiro de Carvalho, n\u00b0 95 &#8211; N\u00facleo Hab. Nova Marilia<\/p>\n<p>Mar\u00edlia (30\/05)<\/p>\n<p>9h \u00e0s 12h: Em parceria com EMDURB Mar\u00edlia, PRF e Secretaria da Educa\u00e7\u00e3o, a\u00e7\u00e3o da Cidade Mirim com os alunos das EMEIs e EMEFs no gin\u00e1sio Cemesc (Zona Sul) &#8211; Rua Silvia Ribeiro de Carvalho, n\u00b0 95 &#8211; N\u00facleo Hab. Nova Marilia<\/p>\n<p>Lins (31\/05)<\/p>\n<p>8h30 \u00e0s 12h: Em parceria com a Prefeitura Municipal de Lins, Honda Sperta e Secretaria da Sa\u00fade, Evento de Encerramento do Maio Amarelo, no centro da cidade &#8211; Rua Olavo Bilac &#8211; Res. Real Parque &#8211; Pra\u00e7a Coronel Piza, pr\u00f3ximo \u00e0 Igreja Santo Ant\u00f4nio, Centro<\/p>\n","protected":false},"excerpt":{"rendered":"<p>Principal causa de mortes no tr\u00e2nsito, dire\u00e7\u00e3o apressada \u00e9 tema da campanha; regi\u00e3o de Bauru ter\u00e1 sete a\u00e7\u00f5es essa semana Bauru, 24 de maio de 2025 \u2013 Acima de 40 km\/h, um ve\u00edculo dificilmente conseguir\u00e1 frear a tempo de evitar uma colis\u00e3o. Se o veloc\u00edmetro marcar mais de 60 km\/h, a chance de que haja [&hellip;]<\/p>\n","protected":false},"author":2,"featured_media":23049,"comment_status":"open","ping_status":"open","sticky":false,"template":"","format":"standard","meta":{"footnotes":""},"categories":[61],"tags":[],"class_list":["post-23047","post","type-post","status-publish","format-standard","has-post-thumbnail","hentry","category-geral"],"_links":{"self":[{"href":"https:\/\/sabuguinho.com.br\/site\/wp-json\/wp\/v2\/posts\/23047","targetHints":{"allow":["GET"]}}],"collection":[{"href":"https:\/\/sabuguinho.com.br\/site\/wp-json\/wp\/v2\/posts"}],"about":[{"href":"https:\/\/sabuguinho.com.br\/site\/wp-json\/wp\/v2\/types\/post"}],"author":[{"embeddable":true,"href":"https:\/\/sabuguinho.com.br\/site\/wp-json\/wp\/v2\/users\/2"}],"replies":[{"embeddable":true,"href":"https:\/\/sabuguinho.com.br\/site\/wp-json\/wp\/v2\/comments?post=23047"}],"version-history":[{"count":1,"href":"https:\/\/sabuguinho.com.br\/site\/wp-json\/wp\/v2\/posts\/23047\/revisions"}],"predecessor-version":[{"id":23050,"href":"https:\/\/sabuguinho.com.br\/site\/wp-json\/wp\/v2\/posts\/23047\/revisions\/23050"}],"wp:featuredmedia":[{"embeddable":true,"href":"https:\/\/sabuguinho.com.br\/site\/wp-json\/wp\/v2\/media\/23049"}],"wp:attachment":[{"href":"https:\/\/sabuguinho.com.br\/site\/wp-json\/wp\/v2\/media?parent=23047"}],"wp:term":[{"taxonomy":"category","embeddable":true,"href":"https:\/\/sabuguinho.com.br\/site\/wp-json\/wp\/v2\/categories?post=23047"},{"taxonomy":"post_tag","embeddable":true,"href":"https:\/\/sabuguinho.com.br\/site\/wp-json\/wp\/v2\/tags?post=23047"}],"curies":[{"name":"wp","href":"https:\/\/api.w.org\/{rel}","templated":true}]}}