{"id":23042,"date":"2025-05-24T10:31:44","date_gmt":"2025-05-24T13:31:44","guid":{"rendered":"https:\/\/sabuguinho.com.br\/site\/?p=23042"},"modified":"2025-05-24T10:31:44","modified_gmt":"2025-05-24T13:31:44","slug":"avare-suspeito-de-roubar-veiculo-com-vitima-a-bordo-e-preso-um-dia-apos-o-crime","status":"publish","type":"post","link":"https:\/\/sabuguinho.com.br\/site\/avare-suspeito-de-roubar-veiculo-com-vitima-a-bordo-e-preso-um-dia-apos-o-crime\/","title":{"rendered":"AVAR\u00c9 &#8211;  Suspeito de roubar ve\u00edculo com v\u00edtima a bordo \u00e9 preso um dia ap\u00f3s o crime"},"content":{"rendered":"<p>A pris\u00e3o tempor\u00e1ria foi resultado de representa\u00e7\u00e3o feita pela Delegacia de Investiga\u00e7\u00f5es Gerais de Avar\u00e9<br \/>\nUm homem de 30 anos foi preso nesta sexta-feira, dia 23 de maio, suspeito de ser o autor do roubo de um ve\u00edculo ocorrido ontem, 22 de maio, no centro de Avar\u00e9. O investigado foi localizado ferido nas imedia\u00e7\u00f5es do local onde o ve\u00edculo foi encontrado, na cidade de Botucatu, e posteriormente detido pela Guarda Civil Municipal.<br \/>\nO crime ocorreu por volta das 16h, na Rua Alagoas, quando a v\u00edtima deixou seu ve\u00edculo, uma Toyota Hilux SW4, estacionado com a chave no contato. A esposa do propriet\u00e1rio encontrava-se no banco do passageiro quando o autor entrou repentinamente no autom\u00f3vel e iniciou a fuga, mesmo com a presen\u00e7a da passageira.<br \/>\nDurante a tentativa de se evadir, o suspeito colidiu com dois outros ve\u00edculos. A passageira, percebendo o risco iminente, conseguiu saltar do carro em movimento, evitando maiores danos \u00e0 sua integridade f\u00edsica. O autor, contudo, prosseguiu com a fuga, tomando rumo ignorado.<br \/>\nA Pol\u00edcia Militar foi acionada e acompanhou as v\u00edtimas at\u00e9 o Plant\u00e3o Policial, onde foi registrado o boletim de ocorr\u00eancia. Mais tarde, o ve\u00edculo foi localizado abandonado e danificado na cidade de Botucatu, ocasi\u00e3o em que foram encontrados, no interior do autom\u00f3vel, objetos pessoais das v\u00edtimas e vestimentas que, segundo relatos, pertenciam ao autor.<br \/>\nNo mesmo dia, a Guarda Civil Municipal de Botucatu encontrou, pr\u00f3ximo ao local onde o ve\u00edculo fora abandonado, um homem ferido, posteriormente identificado como o investigado de 30 anos. Ele foi socorrido ao Pronto-Socorro da UNESP de Botucatu, onde permaneceu internado sob cust\u00f3dia policial.<br \/>\nDiante dos ind\u00edcios de autoria, a Delegacia de Investiga\u00e7\u00f5es Gerais (DIG) de Avar\u00e9 representou pela decreta\u00e7\u00e3o da pris\u00e3o tempor\u00e1ria do suspeito, a qual foi deferida pelo Poder Judici\u00e1rio e cumprida junto ao Plant\u00e3o Policial de Botucatu.<br \/>\nO caso foi encaminhado \u00e0 Delegacia de Investiga\u00e7\u00f5es Gerais (DIG) de Avar\u00e9, que dar\u00e1 prosseguimento \u00e0s investiga\u00e7\u00f5es. O ve\u00edculo ser\u00e1 restitu\u00eddo ao propriet\u00e1rio, enquanto os objetos apreendidos passar\u00e3o por per\u00edcia para auxiliar na elucida\u00e7\u00e3o dos fatos. O suspeito ser\u00e1 encaminhado para uma das Cadeias P\u00fablicas da regi\u00e3o.<\/p>\n","protected":false},"excerpt":{"rendered":"<p>A pris\u00e3o tempor\u00e1ria foi resultado de representa\u00e7\u00e3o feita pela Delegacia de Investiga\u00e7\u00f5es Gerais de Avar\u00e9 Um homem de 30 anos foi preso nesta sexta-feira, dia 23 de maio, suspeito de ser o autor do roubo de um ve\u00edculo ocorrido ontem, 22 de maio, no centro de Avar\u00e9. O investigado foi localizado ferido nas imedia\u00e7\u00f5es do [&hellip;]<\/p>\n","protected":false},"author":2,"featured_media":10005,"comment_status":"open","ping_status":"open","sticky":false,"template":"","format":"standard","meta":{"footnotes":""},"categories":[52],"tags":[],"class_list":["post-23042","post","type-post","status-publish","format-standard","has-post-thumbnail","hentry","category-policiais"],"_links":{"self":[{"href":"https:\/\/sabuguinho.com.br\/site\/wp-json\/wp\/v2\/posts\/23042","targetHints":{"allow":["GET"]}}],"collection":[{"href":"https:\/\/sabuguinho.com.br\/site\/wp-json\/wp\/v2\/posts"}],"about":[{"href":"https:\/\/sabuguinho.com.br\/site\/wp-json\/wp\/v2\/types\/post"}],"author":[{"embeddable":true,"href":"https:\/\/sabuguinho.com.br\/site\/wp-json\/wp\/v2\/users\/2"}],"replies":[{"embeddable":true,"href":"https:\/\/sabuguinho.com.br\/site\/wp-json\/wp\/v2\/comments?post=23042"}],"version-history":[{"count":1,"href":"https:\/\/sabuguinho.com.br\/site\/wp-json\/wp\/v2\/posts\/23042\/revisions"}],"predecessor-version":[{"id":23043,"href":"https:\/\/sabuguinho.com.br\/site\/wp-json\/wp\/v2\/posts\/23042\/revisions\/23043"}],"wp:featuredmedia":[{"embeddable":true,"href":"https:\/\/sabuguinho.com.br\/site\/wp-json\/wp\/v2\/media\/10005"}],"wp:attachment":[{"href":"https:\/\/sabuguinho.com.br\/site\/wp-json\/wp\/v2\/media?parent=23042"}],"wp:term":[{"taxonomy":"category","embeddable":true,"href":"https:\/\/sabuguinho.com.br\/site\/wp-json\/wp\/v2\/categories?post=23042"},{"taxonomy":"post_tag","embeddable":true,"href":"https:\/\/sabuguinho.com.br\/site\/wp-json\/wp\/v2\/tags?post=23042"}],"curies":[{"name":"wp","href":"https:\/\/api.w.org\/{rel}","templated":true}]}}