{"id":23031,"date":"2025-05-23T18:02:09","date_gmt":"2025-05-23T21:02:09","guid":{"rendered":"https:\/\/sabuguinho.com.br\/site\/?p=23031"},"modified":"2025-05-23T18:02:09","modified_gmt":"2025-05-23T21:02:09","slug":"policia-civil-de-fartura-prende-homem-investigado-por-homicidio","status":"publish","type":"post","link":"https:\/\/sabuguinho.com.br\/site\/policia-civil-de-fartura-prende-homem-investigado-por-homicidio\/","title":{"rendered":"Pol\u00edcia Civil de Fartura prende homem investigado por homic\u00eddio"},"content":{"rendered":"<p>Um homem de 23 anos foi preso nesta sexta-feira, 23 de maio, na cidade de Fartura (SP), durante uma opera\u00e7\u00e3o conjunta das pol\u00edcias Civil e Militar, que cumpriram mandado de busca domiciliar relacionado a uma investiga\u00e7\u00e3o de homic\u00eddio. A pris\u00e3o ocorreu ap\u00f3s dilig\u00eancias realizadas em dois im\u00f3veis no munic\u00edpio.<br \/>\nA investiga\u00e7\u00e3o teve in\u00edcio ap\u00f3s o registro de um boletim de ocorr\u00eancia referente a uma tentativa de homic\u00eddio, na qual um homem de 32 anos foi brutalmente agredido com golpes na cabe\u00e7a. O crime teria ocorrido no in\u00edcio de maio, nas proximidades de um bar localizado no bairro Parque das Flores, em Fartura.<br \/>\nDe acordo com a Pol\u00edcia Civil, a v\u00edtima foi socorrida e hospitalizada, sendo diagnosticada com graves les\u00f5es na regi\u00e3o craniana. Diante da gravidade dos ferimentos, a v\u00edtima foi transferida para a Santa Casa de Miseric\u00f3rdia de Avar\u00e9, onde permaneceu internada, mas acabou falecendo na \u00faltima ter\u00e7a-feira, dia 20 de maio, em decorr\u00eancia das les\u00f5es provocadas pela agress\u00e3o.<br \/>\nInforma\u00e7\u00f5es colhidas durante a apura\u00e7\u00e3o indicaram que o motivo da agress\u00e3o estaria relacionado \u00e0 cobran\u00e7a de uma d\u00edvida no valor de R$ 50. O crime causou grande como\u00e7\u00e3o na comunidade local, tendo em vista a viol\u00eancia empregada e as consequ\u00eancias fatais para a v\u00edtima.<br \/>\nCom o avan\u00e7o das investiga\u00e7\u00f5es, o Poder Judici\u00e1rio expediu mandado de busca e apreens\u00e3o, que foi cumprido inicialmente em um im\u00f3vel situado no bairro Vila Esperan\u00e7a. No local, o suspeito n\u00e3o foi localizado, mas novas informa\u00e7\u00f5es apontaram que ele poderia estar em uma resid\u00eancia no bairro Vila Nova.<br \/>\nAo se deslocarem at\u00e9 o segundo endere\u00e7o, os policiais localizaram o suspeito, de 23 anos, que foi imediatamente detido, em virtude de mandado de pris\u00e3o preventiva expedido pela Comarca de Fartura. No local da pris\u00e3o tamb\u00e9m estava a companheira do suspeito, uma adolescente de 16 anos, que foi conduzida \u00e0 delegacia para prestar esclarecimentos, acompanhada por um representante do Conselho Tutelar.<br \/>\nO suspeito foi levado \u00e0 Delegacia de Pol\u00edcia de Fartura, onde foi interrogado pela autoridade policial, permanecendo \u00e0 disposi\u00e7\u00e3o da Justi\u00e7a. O caso segue sob investiga\u00e7\u00e3o, visando ao completo esclarecimento dos fatos e \u00e0 responsabiliza\u00e7\u00e3o penal do autor.<\/p>\n","protected":false},"excerpt":{"rendered":"<p>Um homem de 23 anos foi preso nesta sexta-feira, 23 de maio, na cidade de Fartura (SP), durante uma opera\u00e7\u00e3o conjunta das pol\u00edcias Civil e Militar, que cumpriram mandado de busca domiciliar relacionado a uma investiga\u00e7\u00e3o de homic\u00eddio. A pris\u00e3o ocorreu ap\u00f3s dilig\u00eancias realizadas em dois im\u00f3veis no munic\u00edpio. A investiga\u00e7\u00e3o teve in\u00edcio ap\u00f3s o [&hellip;]<\/p>\n","protected":false},"author":2,"featured_media":23032,"comment_status":"open","ping_status":"open","sticky":false,"template":"","format":"standard","meta":{"footnotes":""},"categories":[52],"tags":[],"class_list":["post-23031","post","type-post","status-publish","format-standard","has-post-thumbnail","hentry","category-policiais"],"_links":{"self":[{"href":"https:\/\/sabuguinho.com.br\/site\/wp-json\/wp\/v2\/posts\/23031","targetHints":{"allow":["GET"]}}],"collection":[{"href":"https:\/\/sabuguinho.com.br\/site\/wp-json\/wp\/v2\/posts"}],"about":[{"href":"https:\/\/sabuguinho.com.br\/site\/wp-json\/wp\/v2\/types\/post"}],"author":[{"embeddable":true,"href":"https:\/\/sabuguinho.com.br\/site\/wp-json\/wp\/v2\/users\/2"}],"replies":[{"embeddable":true,"href":"https:\/\/sabuguinho.com.br\/site\/wp-json\/wp\/v2\/comments?post=23031"}],"version-history":[{"count":1,"href":"https:\/\/sabuguinho.com.br\/site\/wp-json\/wp\/v2\/posts\/23031\/revisions"}],"predecessor-version":[{"id":23033,"href":"https:\/\/sabuguinho.com.br\/site\/wp-json\/wp\/v2\/posts\/23031\/revisions\/23033"}],"wp:featuredmedia":[{"embeddable":true,"href":"https:\/\/sabuguinho.com.br\/site\/wp-json\/wp\/v2\/media\/23032"}],"wp:attachment":[{"href":"https:\/\/sabuguinho.com.br\/site\/wp-json\/wp\/v2\/media?parent=23031"}],"wp:term":[{"taxonomy":"category","embeddable":true,"href":"https:\/\/sabuguinho.com.br\/site\/wp-json\/wp\/v2\/categories?post=23031"},{"taxonomy":"post_tag","embeddable":true,"href":"https:\/\/sabuguinho.com.br\/site\/wp-json\/wp\/v2\/tags?post=23031"}],"curies":[{"name":"wp","href":"https:\/\/api.w.org\/{rel}","templated":true}]}}