{"id":23009,"date":"2025-05-23T15:04:12","date_gmt":"2025-05-23T18:04:12","guid":{"rendered":"https:\/\/sabuguinho.com.br\/site\/?p=23009"},"modified":"2025-05-23T15:05:05","modified_gmt":"2025-05-23T18:05:05","slug":"genial-fotografo-brasileiro-sebastiao-salgado-morre-aos-81-anos","status":"publish","type":"post","link":"https:\/\/sabuguinho.com.br\/site\/genial-fotografo-brasileiro-sebastiao-salgado-morre-aos-81-anos\/","title":{"rendered":"Genial, fot\u00f3grafo brasileiro Sebasti\u00e3o Salgado morre aos 81 anos"},"content":{"rendered":"<p>Morreu nesta sexta-feira (23) o brasileiro Sebasti\u00e3o Salgado, um dos maiores fot\u00f3grafos do mundo. Ele enfrentava problemas decorrentes de uma mal\u00e1ria que adquiriu nos anos 1990, segundo um amigo pr\u00f3ximo. O artista tinha 81 anos e vivia em Paris, na Fran\u00e7a.<\/p>\n<p>Nascido em Aimor\u00e9s, Minas Gerais, em 1944, Salgado formou-se em economia antes de descobrir sua verdadeira voca\u00e7\u00e3o: a fotografia. Ao longo de mais de quatro d\u00e9cadas, percorreu mais de 120 pa\u00edses registrando, com sensibilidade \u00fanica, a condi\u00e7\u00e3o humana, o trabalho, os deslocamentos for\u00e7ados e a rela\u00e7\u00e3o entre o homem e a natureza.<br \/>\nSeus projetos ic\u00f4nicos \u2014 como \u201cTrabalhadores\u201d, \u201c\u00caxodos\u201d, \u201cG\u00eanesis\u201d e \u201cGold\u201d \u2014 n\u00e3o apenas retrataram a realidade com profundidade est\u00e9tica e \u00e9tica, mas tamb\u00e9m provocaram reflex\u00e3o global sobre injusti\u00e7a social, meio ambiente e dignidade humana. Seu trabalho foi reconhecido internacionalmente e exibido nos maiores museus e galerias do planeta.<br \/>\nJunto de sua esposa, L\u00e9lia Deluiz Wanick Salgado, tamb\u00e9m fundou o Instituto Terra, respons\u00e1vel por um dos maiores projetos de reflorestamento do Brasil, contribuindo de forma concreta para a recupera\u00e7\u00e3o ambiental do Vale do Rio Doce.<br \/>\nEm nota, o Instituto Terra lamentou a morte de Salgado, \u201cfundador, mestre e eterno inspirador\u201d.<br \/>\n\u201cSebasti\u00e3o foi muito mais do que um dos maiores fot\u00f3grafos de nosso tempo. Ao lado de sua companheira de vida, L\u00e9lia Deluiz Wanick Salgado, semeou esperan\u00e7a onde havia devasta\u00e7\u00e3o e fez florescer a ideia de que a restaura\u00e7\u00e3o ambiental \u00e9 tamb\u00e9m um gesto profundo de amor pela humanidade. Sua lente revelou o mundo e suas contradi\u00e7\u00f5es; sua vida, o poder da a\u00e7\u00e3o transformadora\u201d, diz trecho da nota.<br \/>\n\u201cNeste momento de luto, expressamos nossa solidariedade a L\u00e9lia, a seus filhos Juliano e Rodrigo, seus netos Fl\u00e1vio e Nara, e a todos os familiares e amigos que compartilham conosco a dor dessa perda imensa. Seguiremos honrando seu legado, cultivando a terra, a justi\u00e7a e a beleza que ele tanto acreditou ser poss\u00edvel restaurar. Nosso eterno Ti\u00e3o, presente! Hoje e sempre\u201d, completou o Instituto Terra.<\/p>\n<p>Foto<br \/>\nSebasti\u00e3o Salgado tinha 81 anos e vivia em Paris, na Fran\u00e7a<\/p>\n","protected":false},"excerpt":{"rendered":"<p>Morreu nesta sexta-feira (23) o brasileiro Sebasti\u00e3o Salgado, um dos maiores fot\u00f3grafos do mundo. Ele enfrentava problemas decorrentes de uma mal\u00e1ria que adquiriu nos anos 1990, segundo um amigo pr\u00f3ximo. O artista tinha 81 anos e vivia em Paris, na Fran\u00e7a. Nascido em Aimor\u00e9s, Minas Gerais, em 1944, Salgado formou-se em economia antes de descobrir [&hellip;]<\/p>\n","protected":false},"author":2,"featured_media":23010,"comment_status":"open","ping_status":"open","sticky":false,"template":"","format":"standard","meta":{"footnotes":""},"categories":[61],"tags":[],"class_list":["post-23009","post","type-post","status-publish","format-standard","has-post-thumbnail","hentry","category-geral"],"_links":{"self":[{"href":"https:\/\/sabuguinho.com.br\/site\/wp-json\/wp\/v2\/posts\/23009","targetHints":{"allow":["GET"]}}],"collection":[{"href":"https:\/\/sabuguinho.com.br\/site\/wp-json\/wp\/v2\/posts"}],"about":[{"href":"https:\/\/sabuguinho.com.br\/site\/wp-json\/wp\/v2\/types\/post"}],"author":[{"embeddable":true,"href":"https:\/\/sabuguinho.com.br\/site\/wp-json\/wp\/v2\/users\/2"}],"replies":[{"embeddable":true,"href":"https:\/\/sabuguinho.com.br\/site\/wp-json\/wp\/v2\/comments?post=23009"}],"version-history":[{"count":2,"href":"https:\/\/sabuguinho.com.br\/site\/wp-json\/wp\/v2\/posts\/23009\/revisions"}],"predecessor-version":[{"id":23012,"href":"https:\/\/sabuguinho.com.br\/site\/wp-json\/wp\/v2\/posts\/23009\/revisions\/23012"}],"wp:featuredmedia":[{"embeddable":true,"href":"https:\/\/sabuguinho.com.br\/site\/wp-json\/wp\/v2\/media\/23010"}],"wp:attachment":[{"href":"https:\/\/sabuguinho.com.br\/site\/wp-json\/wp\/v2\/media?parent=23009"}],"wp:term":[{"taxonomy":"category","embeddable":true,"href":"https:\/\/sabuguinho.com.br\/site\/wp-json\/wp\/v2\/categories?post=23009"},{"taxonomy":"post_tag","embeddable":true,"href":"https:\/\/sabuguinho.com.br\/site\/wp-json\/wp\/v2\/tags?post=23009"}],"curies":[{"name":"wp","href":"https:\/\/api.w.org\/{rel}","templated":true}]}}