{"id":22985,"date":"2025-05-23T13:49:02","date_gmt":"2025-05-23T16:49:02","guid":{"rendered":"https:\/\/sabuguinho.com.br\/site\/?p=22985"},"modified":"2025-05-23T13:49:02","modified_gmt":"2025-05-23T16:49:02","slug":"alunos-de-escola-municipal-participam-de-palestra-alusiva-ao-dia-da-abelha","status":"publish","type":"post","link":"https:\/\/sabuguinho.com.br\/site\/alunos-de-escola-municipal-participam-de-palestra-alusiva-ao-dia-da-abelha\/","title":{"rendered":"Alunos de escola municipal participam de palestra alusiva ao Dia da Abelha"},"content":{"rendered":"<p>Atividade educativa comandada pelo escoteiro Neves foi realizada no Horto Florestal<\/p>\n<p>Por: REDA\u00c7\u00c3O | SECOM.<\/p>\n<p>Alunos da escola municipal Eruce Paulucci participaram de uma palestra em comemora\u00e7\u00e3o ao Dia Mundial das Abelhas, celebrado em 20 de maio.<br \/>\nParceria entre as secretarias municipais de Meio Ambiente, Educa\u00e7\u00e3o e Cultura, a atividade educativa foi realizada na Sala Verde de Educa\u00e7\u00e3o Ambiental, localizada no Horto Florestal.<br \/>\nA palestra contou com a colabora\u00e7\u00e3o do chefe escoteiro Alex Sandro Ferreira Neves, integrante do Grupo Escoteiro do Mar Paran\u00e3, de Avar\u00e9.<br \/>\nDurante o encontro, os estudantes aprenderam sobre a import\u00e2ncia das abelhas para o equil\u00edbrio ambiental, sua contribui\u00e7\u00e3o para a poliniza\u00e7\u00e3o e a produ\u00e7\u00e3o de alimentos.<br \/>\nOs desafios enfrentados pelas esp\u00e9cies e a necessidade de preserva\u00e7\u00e3o desses polinizadores fundamentais para a vida no planeta tamb\u00e9m foram abordados na ocasi\u00e3o.<br \/>\n\u201cA iniciativa teve como objetivo despertar a conscientiza\u00e7\u00e3o ambiental desde cedo, promovendo o conhecimento e o respeito \u00e0 biodiversidade\u201d, destaca a Secretaria Municipal do Meio Ambiente.<\/p>\n","protected":false},"excerpt":{"rendered":"<p>Atividade educativa comandada pelo escoteiro Neves foi realizada no Horto Florestal Por: REDA\u00c7\u00c3O | SECOM. Alunos da escola municipal Eruce Paulucci participaram de uma palestra em comemora\u00e7\u00e3o ao Dia Mundial das Abelhas, celebrado em 20 de maio. Parceria entre as secretarias municipais de Meio Ambiente, Educa\u00e7\u00e3o e Cultura, a atividade educativa foi realizada na Sala [&hellip;]<\/p>\n","protected":false},"author":2,"featured_media":22986,"comment_status":"open","ping_status":"open","sticky":false,"template":"","format":"standard","meta":{"footnotes":""},"categories":[58],"tags":[],"class_list":["post-22985","post","type-post","status-publish","format-standard","has-post-thumbnail","hentry","category-noticias-locais"],"_links":{"self":[{"href":"https:\/\/sabuguinho.com.br\/site\/wp-json\/wp\/v2\/posts\/22985","targetHints":{"allow":["GET"]}}],"collection":[{"href":"https:\/\/sabuguinho.com.br\/site\/wp-json\/wp\/v2\/posts"}],"about":[{"href":"https:\/\/sabuguinho.com.br\/site\/wp-json\/wp\/v2\/types\/post"}],"author":[{"embeddable":true,"href":"https:\/\/sabuguinho.com.br\/site\/wp-json\/wp\/v2\/users\/2"}],"replies":[{"embeddable":true,"href":"https:\/\/sabuguinho.com.br\/site\/wp-json\/wp\/v2\/comments?post=22985"}],"version-history":[{"count":1,"href":"https:\/\/sabuguinho.com.br\/site\/wp-json\/wp\/v2\/posts\/22985\/revisions"}],"predecessor-version":[{"id":22987,"href":"https:\/\/sabuguinho.com.br\/site\/wp-json\/wp\/v2\/posts\/22985\/revisions\/22987"}],"wp:featuredmedia":[{"embeddable":true,"href":"https:\/\/sabuguinho.com.br\/site\/wp-json\/wp\/v2\/media\/22986"}],"wp:attachment":[{"href":"https:\/\/sabuguinho.com.br\/site\/wp-json\/wp\/v2\/media?parent=22985"}],"wp:term":[{"taxonomy":"category","embeddable":true,"href":"https:\/\/sabuguinho.com.br\/site\/wp-json\/wp\/v2\/categories?post=22985"},{"taxonomy":"post_tag","embeddable":true,"href":"https:\/\/sabuguinho.com.br\/site\/wp-json\/wp\/v2\/tags?post=22985"}],"curies":[{"name":"wp","href":"https:\/\/api.w.org\/{rel}","templated":true}]}}