{"id":22964,"date":"2025-05-22T18:34:14","date_gmt":"2025-05-22T21:34:14","guid":{"rendered":"https:\/\/sabuguinho.com.br\/site\/?p=22964"},"modified":"2025-05-22T18:34:14","modified_gmt":"2025-05-22T21:34:14","slug":"sebrae-sp-realiza-reuniao-de-diagnostico-do-programa-itatinga-empreendedora","status":"publish","type":"post","link":"https:\/\/sabuguinho.com.br\/site\/sebrae-sp-realiza-reuniao-de-diagnostico-do-programa-itatinga-empreendedora\/","title":{"rendered":"Sebrae-SP realiza reuni\u00e3o de diagn\u00f3stico do programa Itatinga Empreendedora"},"content":{"rendered":"<p>Fonte -Jos\u00e9 Alberto Conte Junior<\/p>\n<p>Encontro que serviu como um diagn\u00f3stico e escuta para a cria\u00e7\u00e3o das trilhas de aprendizagem que ser\u00e3o implantadas no munic\u00edpio<\/p>\n<p>O Sebrae-SP em Botucatu se reuniu com representantes do Poder P\u00fablico e empresas para apresentar o projeto Itatinga Empreendedora, na \u00faltima ter\u00e7a-feira (20\/5). O programa ser\u00e1 desenvolvido pelo Sebrae-SP, em parceria com a Prefeitura e Associa\u00e7\u00e3o Comercial de Itatinga.<br \/>\nDe acordo com o consultor de neg\u00f3cios do Sebrae-SP, Leandro Holmo Ribeiro, a reuni\u00e3o serviu como um diagn\u00f3stico e escuta para a cria\u00e7\u00e3o das trilhas de aprendizagem que ser\u00e3o implantadas no munic\u00edpio.<br \/>\nDe acordo com a Diretora de Desenvolvimento Econ\u00f4mico de Itatinga, Tatiana Goes Zucato, o objetivo \u00e9 fortalecer a economia local e fomentar o empreendedorismo, apoiando quem j\u00e1 empreende e incentivando quem deseja come\u00e7ar.<br \/>\n \u201cO encontro foi um espa\u00e7o de di\u00e1logo produtivo, onde foram apresentados dados sobre o munic\u00edpio, ouvidas as principais demandas dos empres\u00e1rios e discutidas formas de apoio, como cursos, capacita\u00e7\u00f5es e acompanhamento individualizado\u201d, conta Tatiana. <\/p>\n","protected":false},"excerpt":{"rendered":"<p>Fonte -Jos\u00e9 Alberto Conte Junior Encontro que serviu como um diagn\u00f3stico e escuta para a cria\u00e7\u00e3o das trilhas de aprendizagem que ser\u00e3o implantadas no munic\u00edpio O Sebrae-SP em Botucatu se reuniu com representantes do Poder P\u00fablico e empresas para apresentar o projeto Itatinga Empreendedora, na \u00faltima ter\u00e7a-feira (20\/5). O programa ser\u00e1 desenvolvido pelo Sebrae-SP, em [&hellip;]<\/p>\n","protected":false},"author":2,"featured_media":22965,"comment_status":"open","ping_status":"open","sticky":false,"template":"","format":"standard","meta":{"footnotes":""},"categories":[51],"tags":[],"class_list":["post-22964","post","type-post","status-publish","format-standard","has-post-thumbnail","hentry","category-noticias-regionais"],"_links":{"self":[{"href":"https:\/\/sabuguinho.com.br\/site\/wp-json\/wp\/v2\/posts\/22964","targetHints":{"allow":["GET"]}}],"collection":[{"href":"https:\/\/sabuguinho.com.br\/site\/wp-json\/wp\/v2\/posts"}],"about":[{"href":"https:\/\/sabuguinho.com.br\/site\/wp-json\/wp\/v2\/types\/post"}],"author":[{"embeddable":true,"href":"https:\/\/sabuguinho.com.br\/site\/wp-json\/wp\/v2\/users\/2"}],"replies":[{"embeddable":true,"href":"https:\/\/sabuguinho.com.br\/site\/wp-json\/wp\/v2\/comments?post=22964"}],"version-history":[{"count":1,"href":"https:\/\/sabuguinho.com.br\/site\/wp-json\/wp\/v2\/posts\/22964\/revisions"}],"predecessor-version":[{"id":22966,"href":"https:\/\/sabuguinho.com.br\/site\/wp-json\/wp\/v2\/posts\/22964\/revisions\/22966"}],"wp:featuredmedia":[{"embeddable":true,"href":"https:\/\/sabuguinho.com.br\/site\/wp-json\/wp\/v2\/media\/22965"}],"wp:attachment":[{"href":"https:\/\/sabuguinho.com.br\/site\/wp-json\/wp\/v2\/media?parent=22964"}],"wp:term":[{"taxonomy":"category","embeddable":true,"href":"https:\/\/sabuguinho.com.br\/site\/wp-json\/wp\/v2\/categories?post=22964"},{"taxonomy":"post_tag","embeddable":true,"href":"https:\/\/sabuguinho.com.br\/site\/wp-json\/wp\/v2\/tags?post=22964"}],"curies":[{"name":"wp","href":"https:\/\/api.w.org\/{rel}","templated":true}]}}