{"id":21549,"date":"2025-05-10T12:06:43","date_gmt":"2025-05-10T15:06:43","guid":{"rendered":"https:\/\/sabuguinho.com.br\/site\/?p=21549"},"modified":"2025-05-10T12:06:46","modified_gmt":"2025-05-10T15:06:46","slug":"leao-xiv-vaticano-divulga-assinatura-e-brasao-do-novo-papa-veja-o-significado","status":"publish","type":"post","link":"https:\/\/sabuguinho.com.br\/site\/leao-xiv-vaticano-divulga-assinatura-e-brasao-do-novo-papa-veja-o-significado\/","title":{"rendered":"Le\u00e3o XIV: Vaticano divulga assinatura e bras\u00e3o do novo papa; veja o significado"},"content":{"rendered":"<p>A Secretaria de Estado do Vaticano divulgou na manh\u00e3 deste s\u00e1bado (10) o bras\u00e3o do pontificado do papa Le\u00e3o XIV.<br \/>\nAl\u00e9m disso, o Vaticano tamb\u00e9m mostrou a assinatura oficial do novo papa. As informa\u00e7\u00f5es foram divulgadas nas contas do Vaticano e da Secretaria de Estado na rede social X.<br \/>\nLe\u00e3o XIV teve a primeira reuni\u00e3o com os cardeais da igreja nesta manh\u00e3, onde indicou que dar\u00e1 continuidade \u00e0 vis\u00e3o e \u00e0s reformas do Papa Francisco.<\/p>\n<p>Veja as imagens a seguir e leia o significado do bras\u00e3o.<\/p>\n<p>Assinatura do papa Le\u00e3o XIV divulgada pelo Vaticano neste s\u00e1bado (8) \u2014 Foto: Reprodu\u00e7\u00e3o<br \/>\nAssinatura do papa Le\u00e3o XIV divulgada pelo Vaticano neste s\u00e1bado (8) \u2014 Foto: Reprodu\u00e7\u00e3o<\/p>\n<p>Bras\u00e3o do papa Le\u00e3o XIV divulgada pelo Vaticano neste s\u00e1bado (8) \u2014 Foto: Reprodu\u00e7\u00e3o<br \/>\nBras\u00e3o do papa Le\u00e3o XIV divulgada pelo Vaticano neste s\u00e1bado (8) \u2014 Foto: Reprodu\u00e7\u00e3o<\/p>\n<p>A Secretaria de Estado do Vaticano divulgou na manh\u00e3 deste s\u00e1bado (10) o bras\u00e3o do pontificado do papa Le\u00e3o XIV.<\/p>\n<p>Al\u00e9m disso, o Vaticano tamb\u00e9m mostrou a assinatura oficial do novo papa. As informa\u00e7\u00f5es foram divulgadas nas contas do Vaticano e da Secretaria de Estado na rede social X.<\/p>\n<p>Le\u00e3o XIV teve a primeira reuni\u00e3o com os cardeais da igreja nesta manh\u00e3, onde indicou que dar\u00e1 continuidade \u00e0 vis\u00e3o e \u00e0s reformas do Papa Francisco.<\/p>\n<p>Veja as imagens a seguir e leia o significado do bras\u00e3o.<\/p>\n<p>Significado do bras\u00e3o<\/p>\n<p>De acordo com o Vaticano, o bras\u00e3o do papa Le\u00e3o XIV \u201coferece um reflexo claro de suas ra\u00edzes agostinianas e dos valores que procura promover durante o seu pontificado, particularmente a unidade e a comunh\u00e3o no seio da Igreja\u201d.<br \/>\nO escudo \u00e9 dividido em duas se\u00e7\u00f5es diagonais. A metade superior apresenta um fundo azul com um l\u00edrio branco.<br \/>\nA metade inferior do escudo tem um fundo claro e exibe uma imagem que lembra a Ordem de Santo Agostinho: um livro fechado com um cora\u00e7\u00e3o perfurado por uma flecha.<br \/>\nSegundo o Vaticano, \u00e9 uma refer\u00eancia direta \u00e0 experi\u00eancia de convers\u00e3o do pr\u00f3prio Santo Agostinho, que descreveu seu encontro pessoal com a palavra de Deus com a frase: &#8220;Vulnerasti cor meum verbo tuo&#8221; &#8211; &#8220;Tu perfuraste meu cora\u00e7\u00e3o com a tua palavra&#8221;.<br \/>\nO bras\u00e3o traz ainda uma frase que reflete a tradi\u00e7\u00e3o agostiniana, \u201cIn Illo uno unum\u201d, que significa \u201cNo um, somos um.&#8221;<br \/>\n\u00c9 uma refer\u00eancia \u00e0 exposi\u00e7\u00e3o de Santo Agostinho sobre o Salmo 127, onde ele explica que &#8220;embora n\u00f3s crist\u00e3os sejamos muitos, no \u00fanico Cristo somos um&#8221;.<\/p>\n","protected":false},"excerpt":{"rendered":"<p>A Secretaria de Estado do Vaticano divulgou na manh\u00e3 deste s\u00e1bado (10) o bras\u00e3o do pontificado do papa Le\u00e3o XIV. Al\u00e9m disso, o Vaticano tamb\u00e9m mostrou a assinatura oficial do novo papa. As informa\u00e7\u00f5es foram divulgadas nas contas do Vaticano e da Secretaria de Estado na rede social X. Le\u00e3o XIV teve a primeira reuni\u00e3o [&hellip;]<\/p>\n","protected":false},"author":2,"featured_media":21554,"comment_status":"open","ping_status":"open","sticky":false,"template":"","format":"standard","meta":{"footnotes":""},"categories":[61],"tags":[],"_links":{"self":[{"href":"https:\/\/sabuguinho.com.br\/site\/wp-json\/wp\/v2\/posts\/21549"}],"collection":[{"href":"https:\/\/sabuguinho.com.br\/site\/wp-json\/wp\/v2\/posts"}],"about":[{"href":"https:\/\/sabuguinho.com.br\/site\/wp-json\/wp\/v2\/types\/post"}],"author":[{"embeddable":true,"href":"https:\/\/sabuguinho.com.br\/site\/wp-json\/wp\/v2\/users\/2"}],"replies":[{"embeddable":true,"href":"https:\/\/sabuguinho.com.br\/site\/wp-json\/wp\/v2\/comments?post=21549"}],"version-history":[{"count":1,"href":"https:\/\/sabuguinho.com.br\/site\/wp-json\/wp\/v2\/posts\/21549\/revisions"}],"predecessor-version":[{"id":21555,"href":"https:\/\/sabuguinho.com.br\/site\/wp-json\/wp\/v2\/posts\/21549\/revisions\/21555"}],"wp:featuredmedia":[{"embeddable":true,"href":"https:\/\/sabuguinho.com.br\/site\/wp-json\/wp\/v2\/media\/21554"}],"wp:attachment":[{"href":"https:\/\/sabuguinho.com.br\/site\/wp-json\/wp\/v2\/media?parent=21549"}],"wp:term":[{"taxonomy":"category","embeddable":true,"href":"https:\/\/sabuguinho.com.br\/site\/wp-json\/wp\/v2\/categories?post=21549"},{"taxonomy":"post_tag","embeddable":true,"href":"https:\/\/sabuguinho.com.br\/site\/wp-json\/wp\/v2\/tags?post=21549"}],"curies":[{"name":"wp","href":"https:\/\/api.w.org\/{rel}","templated":true}]}}