{"id":21533,"date":"2025-05-10T11:12:28","date_gmt":"2025-05-10T14:12:28","guid":{"rendered":"https:\/\/sabuguinho.com.br\/site\/?p=21533"},"modified":"2025-05-10T11:12:28","modified_gmt":"2025-05-10T14:12:28","slug":"avare-delegada-da-ddm-ministra-palestra-na-oab-sobre-o-papel-da-policia-judiciaria-no-combate-a-violencia-contra-a-mulher","status":"publish","type":"post","link":"https:\/\/sabuguinho.com.br\/site\/avare-delegada-da-ddm-ministra-palestra-na-oab-sobre-o-papel-da-policia-judiciaria-no-combate-a-violencia-contra-a-mulher\/","title":{"rendered":"AVAR\u00c9    Delegada da DDM ministra palestra na OAB sobre o papel da Pol\u00edcia Judici\u00e1ria no combate \u00e0 viol\u00eancia contra a mulher"},"content":{"rendered":"<p>A Delegada de Pol\u00edcia Jana\u00edna Jacolina Morais ministrou, no dia 8 de maio, uma palestra no audit\u00f3rio da 67\u00aa Subse\u00e7\u00e3o da OAB, em Avar\u00e9. O convite partiu da Comiss\u00e3o Mulher Advogada e teve como tema \u201cA atua\u00e7\u00e3o da Pol\u00edcia Judici\u00e1ria na viol\u00eancia contra a mulher\u201d.<br \/>\nO evento contou com a presen\u00e7a de advogados, professores, estudantes de Direito, representantes da rede de apoio do munic\u00edpio e p\u00fablico em geral. A atividade foi marcada por ampla participa\u00e7\u00e3o e interesse da comunidade jur\u00eddica e acad\u00eamica.<br \/>\nA delegada abordou o papel da Pol\u00edcia Civil na apura\u00e7\u00e3o dos crimes de viol\u00eancia dom\u00e9stica e destacou a import\u00e2ncia do atendimento especializado \u00e0s v\u00edtimas, desde o primeiro contato at\u00e9 a conclus\u00e3o das investiga\u00e7\u00f5es.<br \/>\nEntre as medidas legais adotadas, foram mencionadas a solicita\u00e7\u00e3o de Medidas Protetivas de Urg\u00eancia \u2013 como o afastamento do agressor do lar, a proibi\u00e7\u00e3o de contato com a v\u00edtima e seus familiares, e a restri\u00e7\u00e3o de aproxima\u00e7\u00e3o \u2013 al\u00e9m da lavratura de autos de pris\u00e3o em flagrante nos casos de agress\u00e3o, amea\u00e7a ou descumprimento de ordem judicial. Tais provid\u00eancias visam garantir a seguran\u00e7a imediata da v\u00edtima e assegurar a efic\u00e1cia da atua\u00e7\u00e3o policial.<br \/>\nA palestra refor\u00e7ou o compromisso da institui\u00e7\u00e3o com o enfrentamento \u00e0 viol\u00eancia de g\u00eanero, promovendo uma atua\u00e7\u00e3o integrada com os demais \u00f3rg\u00e3os da rede de prote\u00e7\u00e3o e justi\u00e7a.<br \/>\nA Delegacia Seccional de Pol\u00edcia de Avar\u00e9 parabeniza a iniciativa da 67\u00aa Subse\u00e7\u00e3o da OAB e destaca a relev\u00e2ncia de eventos como este, que fortalecem o di\u00e1logo institucional e contribuem para a constru\u00e7\u00e3o de uma sociedade mais segura e igualit\u00e1ria.<\/p>\n<p>&#8230;<img loading=\"lazy\" decoding=\"async\" src=\"https:\/\/sabuguinho.com.br\/site\/wp-content\/uploads\/2025\/05\/IMG-20250510-WA0055-85x150.jpg\" alt=\"\" width=\"85\" height=\"150\" class=\"alignnone size-medium wp-image-21534\" srcset=\"https:\/\/sabuguinho.com.br\/site\/wp-content\/uploads\/2025\/05\/IMG-20250510-WA0055-85x150.jpg 85w, https:\/\/sabuguinho.com.br\/site\/wp-content\/uploads\/2025\/05\/IMG-20250510-WA0055-290x512.jpg 290w, https:\/\/sabuguinho.com.br\/site\/wp-content\/uploads\/2025\/05\/IMG-20250510-WA0055.jpg 720w\" sizes=\"(max-width: 85px) 100vw, 85px\" \/><\/p>\n<p><img loading=\"lazy\" decoding=\"async\" src=\"https:\/\/sabuguinho.com.br\/site\/wp-content\/uploads\/2025\/05\/IMG-20250510-WA0056-109x150.jpg\" alt=\"\" width=\"109\" height=\"150\" class=\"alignnone size-medium wp-image-21535\" srcset=\"https:\/\/sabuguinho.com.br\/site\/wp-content\/uploads\/2025\/05\/IMG-20250510-WA0056-109x150.jpg 109w, https:\/\/sabuguinho.com.br\/site\/wp-content\/uploads\/2025\/05\/IMG-20250510-WA0056-372x512.jpg 372w, https:\/\/sabuguinho.com.br\/site\/wp-content\/uploads\/2025\/05\/IMG-20250510-WA0056-768x1058.jpg 768w, https:\/\/sabuguinho.com.br\/site\/wp-content\/uploads\/2025\/05\/IMG-20250510-WA0056-750x1033.jpg 750w, https:\/\/sabuguinho.com.br\/site\/wp-content\/uploads\/2025\/05\/IMG-20250510-WA0056.jpg 1088w\" sizes=\"(max-width: 109px) 100vw, 109px\" \/><\/p>\n<p><img loading=\"lazy\" decoding=\"async\" src=\"https:\/\/sabuguinho.com.br\/site\/wp-content\/uploads\/2025\/05\/IMG-20250510-WA0052-150x66.jpg\" alt=\"\" width=\"150\" height=\"66\" class=\"alignnone size-medium wp-image-21536\" srcset=\"https:\/\/sabuguinho.com.br\/site\/wp-content\/uploads\/2025\/05\/IMG-20250510-WA0052-150x66.jpg 150w, https:\/\/sabuguinho.com.br\/site\/wp-content\/uploads\/2025\/05\/IMG-20250510-WA0052-512x225.jpg 512w, https:\/\/sabuguinho.com.br\/site\/wp-content\/uploads\/2025\/05\/IMG-20250510-WA0052-768x338.jpg 768w, https:\/\/sabuguinho.com.br\/site\/wp-content\/uploads\/2025\/05\/IMG-20250510-WA0052-750x330.jpg 750w, https:\/\/sabuguinho.com.br\/site\/wp-content\/uploads\/2025\/05\/IMG-20250510-WA0052-1140x501.jpg 1140w, https:\/\/sabuguinho.com.br\/site\/wp-content\/uploads\/2025\/05\/IMG-20250510-WA0052.jpg 1280w\" sizes=\"(max-width: 150px) 100vw, 150px\" \/><\/p>\n<p><img loading=\"lazy\" decoding=\"async\" src=\"https:\/\/sabuguinho.com.br\/site\/wp-content\/uploads\/2025\/05\/IMG-20250510-WA0054-150x113.jpg\" alt=\"\" width=\"150\" height=\"113\" class=\"alignnone size-medium wp-image-21537\" srcset=\"https:\/\/sabuguinho.com.br\/site\/wp-content\/uploads\/2025\/05\/IMG-20250510-WA0054-150x113.jpg 150w, https:\/\/sabuguinho.com.br\/site\/wp-content\/uploads\/2025\/05\/IMG-20250510-WA0054-512x384.jpg 512w, https:\/\/sabuguinho.com.br\/site\/wp-content\/uploads\/2025\/05\/IMG-20250510-WA0054-768x576.jpg 768w, https:\/\/sabuguinho.com.br\/site\/wp-content\/uploads\/2025\/05\/IMG-20250510-WA0054-1536x1152.jpg 1536w, https:\/\/sabuguinho.com.br\/site\/wp-content\/uploads\/2025\/05\/IMG-20250510-WA0054-750x563.jpg 750w, https:\/\/sabuguinho.com.br\/site\/wp-content\/uploads\/2025\/05\/IMG-20250510-WA0054-1140x855.jpg 1140w, https:\/\/sabuguinho.com.br\/site\/wp-content\/uploads\/2025\/05\/IMG-20250510-WA0054.jpg 1600w\" sizes=\"(max-width: 150px) 100vw, 150px\" \/><\/p>\n","protected":false},"excerpt":{"rendered":"<p>A Delegada de Pol\u00edcia Jana\u00edna Jacolina Morais ministrou, no dia 8 de maio, uma palestra no audit\u00f3rio da 67\u00aa Subse\u00e7\u00e3o da OAB, em Avar\u00e9. O convite partiu da Comiss\u00e3o Mulher Advogada e teve como tema \u201cA atua\u00e7\u00e3o da Pol\u00edcia Judici\u00e1ria na viol\u00eancia contra a mulher\u201d. O evento contou com a presen\u00e7a de advogados, professores, estudantes [&hellip;]<\/p>\n","protected":false},"author":2,"featured_media":21538,"comment_status":"open","ping_status":"open","sticky":false,"template":"","format":"standard","meta":{"footnotes":""},"categories":[1],"tags":[],"_links":{"self":[{"href":"https:\/\/sabuguinho.com.br\/site\/wp-json\/wp\/v2\/posts\/21533"}],"collection":[{"href":"https:\/\/sabuguinho.com.br\/site\/wp-json\/wp\/v2\/posts"}],"about":[{"href":"https:\/\/sabuguinho.com.br\/site\/wp-json\/wp\/v2\/types\/post"}],"author":[{"embeddable":true,"href":"https:\/\/sabuguinho.com.br\/site\/wp-json\/wp\/v2\/users\/2"}],"replies":[{"embeddable":true,"href":"https:\/\/sabuguinho.com.br\/site\/wp-json\/wp\/v2\/comments?post=21533"}],"version-history":[{"count":1,"href":"https:\/\/sabuguinho.com.br\/site\/wp-json\/wp\/v2\/posts\/21533\/revisions"}],"predecessor-version":[{"id":21539,"href":"https:\/\/sabuguinho.com.br\/site\/wp-json\/wp\/v2\/posts\/21533\/revisions\/21539"}],"wp:featuredmedia":[{"embeddable":true,"href":"https:\/\/sabuguinho.com.br\/site\/wp-json\/wp\/v2\/media\/21538"}],"wp:attachment":[{"href":"https:\/\/sabuguinho.com.br\/site\/wp-json\/wp\/v2\/media?parent=21533"}],"wp:term":[{"taxonomy":"category","embeddable":true,"href":"https:\/\/sabuguinho.com.br\/site\/wp-json\/wp\/v2\/categories?post=21533"},{"taxonomy":"post_tag","embeddable":true,"href":"https:\/\/sabuguinho.com.br\/site\/wp-json\/wp\/v2\/tags?post=21533"}],"curies":[{"name":"wp","href":"https:\/\/api.w.org\/{rel}","templated":true}]}}