{"id":19346,"date":"2025-03-14T15:48:36","date_gmt":"2025-03-14T18:48:36","guid":{"rendered":"https:\/\/sabuguinho.com.br\/site\/?p=19346"},"modified":"2025-03-14T15:48:36","modified_gmt":"2025-03-14T18:48:36","slug":"bairro-sao-jose-tem-vacinacao-contra-raiva-nesta-terca-feira-18","status":"publish","type":"post","link":"https:\/\/sabuguinho.com.br\/site\/bairro-sao-jose-tem-vacinacao-contra-raiva-nesta-terca-feira-18\/","title":{"rendered":"Bairro S\u00e3o Jos\u00e9 tem vacina\u00e7\u00e3o contra raiva nesta ter\u00e7a-feira, 18"},"content":{"rendered":"<p>Imuniza\u00e7\u00e3o de c\u00e3es e gatos acontece das 9h \u00e0s 15 horas<\/p>\n<p>Por: REDA\u00c7\u00c3O | SECOM.<\/p>\n<p>C\u00e3es e gatos s\u00e3o vacinados contra a raiva nesta ter\u00e7a-feira, 18, das 9h \u00e0s 15 horas, no Bairro S\u00e3o Jos\u00e9.<br \/>\nA unidade m\u00f3vel da Secretaria Municipal de Agricultura e Abastecimento ficar\u00e1 estacionada na Avenida Santa B\u00e1rbara, n\u00ba 100, ao lado do estande de tiro da Estande de Tiro da Associa\u00e7\u00e3o dos Funcion\u00e1rios da Pol\u00edcia Civil de Avar\u00e9 (AFPCA).<br \/>\nO servi\u00e7o \u00e9 aberto ao p\u00fablico. A iniciativa \u00e9 uma parceria com a Vigil\u00e2ncia Sanit\u00e1ria de Avar\u00e9. A Secretaria de Agricultura vai informar posteriormente os pr\u00f3ximos locais de vacina\u00e7\u00e3o.<\/p>\n","protected":false},"excerpt":{"rendered":"<p>Imuniza\u00e7\u00e3o de c\u00e3es e gatos acontece das 9h \u00e0s 15 horas Por: REDA\u00c7\u00c3O | SECOM. C\u00e3es e gatos s\u00e3o vacinados contra a raiva nesta ter\u00e7a-feira, 18, das 9h \u00e0s 15 horas, no Bairro S\u00e3o Jos\u00e9. A unidade m\u00f3vel da Secretaria Municipal de Agricultura e Abastecimento ficar\u00e1 estacionada na Avenida Santa B\u00e1rbara, n\u00ba 100, ao lado [&hellip;]<\/p>\n","protected":false},"author":2,"featured_media":19347,"comment_status":"open","ping_status":"open","sticky":false,"template":"","format":"standard","meta":{"footnotes":""},"categories":[58],"tags":[],"_links":{"self":[{"href":"https:\/\/sabuguinho.com.br\/site\/wp-json\/wp\/v2\/posts\/19346"}],"collection":[{"href":"https:\/\/sabuguinho.com.br\/site\/wp-json\/wp\/v2\/posts"}],"about":[{"href":"https:\/\/sabuguinho.com.br\/site\/wp-json\/wp\/v2\/types\/post"}],"author":[{"embeddable":true,"href":"https:\/\/sabuguinho.com.br\/site\/wp-json\/wp\/v2\/users\/2"}],"replies":[{"embeddable":true,"href":"https:\/\/sabuguinho.com.br\/site\/wp-json\/wp\/v2\/comments?post=19346"}],"version-history":[{"count":1,"href":"https:\/\/sabuguinho.com.br\/site\/wp-json\/wp\/v2\/posts\/19346\/revisions"}],"predecessor-version":[{"id":19348,"href":"https:\/\/sabuguinho.com.br\/site\/wp-json\/wp\/v2\/posts\/19346\/revisions\/19348"}],"wp:featuredmedia":[{"embeddable":true,"href":"https:\/\/sabuguinho.com.br\/site\/wp-json\/wp\/v2\/media\/19347"}],"wp:attachment":[{"href":"https:\/\/sabuguinho.com.br\/site\/wp-json\/wp\/v2\/media?parent=19346"}],"wp:term":[{"taxonomy":"category","embeddable":true,"href":"https:\/\/sabuguinho.com.br\/site\/wp-json\/wp\/v2\/categories?post=19346"},{"taxonomy":"post_tag","embeddable":true,"href":"https:\/\/sabuguinho.com.br\/site\/wp-json\/wp\/v2\/tags?post=19346"}],"curies":[{"name":"wp","href":"https:\/\/api.w.org\/{rel}","templated":true}]}}