{"id":19343,"date":"2025-03-14T15:45:09","date_gmt":"2025-03-14T18:45:09","guid":{"rendered":"https:\/\/sabuguinho.com.br\/site\/?p=19343"},"modified":"2025-03-14T15:45:09","modified_gmt":"2025-03-14T18:45:09","slug":"procon-de-avare-ja-opera-com-o-procon-digital-sp-desde-o-inicio-de-2025","status":"publish","type":"post","link":"https:\/\/sabuguinho.com.br\/site\/procon-de-avare-ja-opera-com-o-procon-digital-sp-desde-o-inicio-de-2025\/","title":{"rendered":"PROCON de Avar\u00e9 j\u00e1 opera com o Procon Digital SP desde o in\u00edcio de 2025"},"content":{"rendered":"<p>Plataforma online permite o registro de reclama\u00e7\u00f5es e outros servi\u00e7os relacionados ao consumo<\/p>\n<p>Por: REDA\u00c7\u00c3O | SECOM.<\/p>\n<p>O PROCON de Avar\u00e9 aproveita o Dia Mundial do Consumidor para ressaltar ao p\u00fablico que o \u00f3rg\u00e3o local de defesa do consumidor j\u00e1 opera com o Procon Digital SP desde o in\u00edcio de 2025.<br \/>\nA plataforma online permite o registro de reclama\u00e7\u00f5es e outros servi\u00e7os relacionados ao consumo.<\/p>\n<p>Basta acessar https:\/\/consumidor2.procon.sp.gov.br\/login e efetuar o login por meio da plataforma Gov.br.<br \/>\nTamb\u00e9m \u00e9 poss\u00edvel baixar o aplicativo e acessar o servi\u00e7o diretamente do celular.<\/p>\n<p>Dia do Consumidor: muita aten\u00e7\u00e3o!<\/p>\n<p>Tamb\u00e9m em alus\u00e3o ao Dia do Consumidor celebrado em 15 de mar\u00e7o, o PROCON de Avar\u00e9 destaca a import\u00e2ncia de verificar contratos, pedir nota fiscal e buscar informa\u00e7\u00f5es antes de realizar compras ou contratar servi\u00e7os, especialmente na internet.<br \/>\n\u201cAten\u00e7\u00e3o a lojas online, pre\u00e7os baixos e pagamentos suspeitos\u201d, destaca o PROCON de Avar\u00e9.<br \/>\nPara registrar reclama\u00e7\u00f5es ou obter informa\u00e7\u00f5es, os consumidores podem procurar o \u00f3rg\u00e3o presencialmente.<br \/>\nO atendimento ao p\u00fablico \u00e9 de segunda a quinta-feira. O PROCON de Avar\u00e9 fica na Casa do Cidad\u00e3o (Rua Bahia, n\u00ba 1580).<\/p>\n","protected":false},"excerpt":{"rendered":"<p>Plataforma online permite o registro de reclama\u00e7\u00f5es e outros servi\u00e7os relacionados ao consumo Por: REDA\u00c7\u00c3O | SECOM. O PROCON de Avar\u00e9 aproveita o Dia Mundial do Consumidor para ressaltar ao p\u00fablico que o \u00f3rg\u00e3o local de defesa do consumidor j\u00e1 opera com o Procon Digital SP desde o in\u00edcio de 2025. A plataforma online permite [&hellip;]<\/p>\n","protected":false},"author":2,"featured_media":19344,"comment_status":"open","ping_status":"open","sticky":false,"template":"","format":"standard","meta":{"footnotes":""},"categories":[58],"tags":[],"_links":{"self":[{"href":"https:\/\/sabuguinho.com.br\/site\/wp-json\/wp\/v2\/posts\/19343"}],"collection":[{"href":"https:\/\/sabuguinho.com.br\/site\/wp-json\/wp\/v2\/posts"}],"about":[{"href":"https:\/\/sabuguinho.com.br\/site\/wp-json\/wp\/v2\/types\/post"}],"author":[{"embeddable":true,"href":"https:\/\/sabuguinho.com.br\/site\/wp-json\/wp\/v2\/users\/2"}],"replies":[{"embeddable":true,"href":"https:\/\/sabuguinho.com.br\/site\/wp-json\/wp\/v2\/comments?post=19343"}],"version-history":[{"count":1,"href":"https:\/\/sabuguinho.com.br\/site\/wp-json\/wp\/v2\/posts\/19343\/revisions"}],"predecessor-version":[{"id":19345,"href":"https:\/\/sabuguinho.com.br\/site\/wp-json\/wp\/v2\/posts\/19343\/revisions\/19345"}],"wp:featuredmedia":[{"embeddable":true,"href":"https:\/\/sabuguinho.com.br\/site\/wp-json\/wp\/v2\/media\/19344"}],"wp:attachment":[{"href":"https:\/\/sabuguinho.com.br\/site\/wp-json\/wp\/v2\/media?parent=19343"}],"wp:term":[{"taxonomy":"category","embeddable":true,"href":"https:\/\/sabuguinho.com.br\/site\/wp-json\/wp\/v2\/categories?post=19343"},{"taxonomy":"post_tag","embeddable":true,"href":"https:\/\/sabuguinho.com.br\/site\/wp-json\/wp\/v2\/tags?post=19343"}],"curies":[{"name":"wp","href":"https:\/\/api.w.org\/{rel}","templated":true}]}}