{"id":19340,"date":"2025-03-14T15:40:50","date_gmt":"2025-03-14T18:40:50","guid":{"rendered":"https:\/\/sabuguinho.com.br\/site\/?p=19340"},"modified":"2025-03-14T15:40:50","modified_gmt":"2025-03-14T18:40:50","slug":"prefeitura-de-avare-inicia-pre-cadastro-para-moradia-popular","status":"publish","type":"post","link":"https:\/\/sabuguinho.com.br\/site\/prefeitura-de-avare-inicia-pre-cadastro-para-moradia-popular\/","title":{"rendered":"Prefeitura de Avar\u00e9 inicia pr\u00e9-cadastro para moradia popular"},"content":{"rendered":"<p>Pr\u00e9-cadastro n\u00e3o garante obten\u00e7\u00e3o da casa pr\u00f3pria, mas \u00e9 passo fundamental para que a Prefeitura tenha um mapeamento real da necessidade habitacional do munic\u00edpio<\/p>\n<p>Por: REDA\u00c7\u00c3O | SECOM.<\/p>\n<p>A Prefeitura de Avar\u00e9, por meio da Secretaria Municipal de Habita\u00e7\u00e3o, est\u00e1 realizando um pr\u00e9-cadastro para identificar a demanda de moradias populares no munic\u00edpio<br \/>\nO objetivo \u00e9 levantar informa\u00e7\u00f5es sobre a quantidade de fam\u00edlias que precisam de habita\u00e7\u00e3o para, com esses dados, solicitar \u00e0 Companhia de Desenvolvimento<br \/>\nHabitacional e Urbano (CDHU) a constru\u00e7\u00e3o de novas unidades habitacionais na cidade.<br \/>\nEsse levantamento ser\u00e1 essencial para fortalecer o pedido de casas populares para fam\u00edlias de baixa renda (Faixa 1).<br \/>\nO pr\u00e9-cadastro n\u00e3o garante a obten\u00e7\u00e3o da casa pr\u00f3pria, mas \u00e9 um passo fundamental para que a Prefeitura tenha um mapeamento real da necessidade habitacional do munic\u00edpio.<br \/>\nPr\u00e9-inscri\u00e7\u00e3o de 17 a 21 de mar\u00e7o<br \/>\nAs pr\u00e9-inscri\u00e7\u00f5es ser\u00e3o realizadas entre segunda-feira, 17, e sexta-feira, 21 de mar\u00e7o, das 8h \u00e0s 17 horas no Centro Cultural \u201cEsther Pires Novaes\u201d. O endere\u00e7o \u00e9 Rua Cear\u00e1, n\u00ba 1507.<br \/>\nTamb\u00e9m \u00e9 poss\u00edvel se inscrever nas unidades do Centro de Refer\u00eancia da Assist\u00eancia Social (CRAS) de Avar\u00e9 nos mesmos dias e hor\u00e1rios.<br \/>\n\u201cSe voc\u00ea precisa de moradia, participe. Quanto maior a participa\u00e7\u00e3o, maiores s\u00e3o as chances de Avar\u00e9 ser contemplada com novos empreendimentos habitacionais\u201d, afirma a Secretaria Municipal de Habita\u00e7\u00e3o.<\/p>\n","protected":false},"excerpt":{"rendered":"<p>Pr\u00e9-cadastro n\u00e3o garante obten\u00e7\u00e3o da casa pr\u00f3pria, mas \u00e9 passo fundamental para que a Prefeitura tenha um mapeamento real da necessidade habitacional do munic\u00edpio Por: REDA\u00c7\u00c3O | SECOM. A Prefeitura de Avar\u00e9, por meio da Secretaria Municipal de Habita\u00e7\u00e3o, est\u00e1 realizando um pr\u00e9-cadastro para identificar a demanda de moradias populares no munic\u00edpio O objetivo \u00e9 [&hellip;]<\/p>\n","protected":false},"author":2,"featured_media":19341,"comment_status":"open","ping_status":"open","sticky":false,"template":"","format":"standard","meta":{"footnotes":""},"categories":[58],"tags":[],"_links":{"self":[{"href":"https:\/\/sabuguinho.com.br\/site\/wp-json\/wp\/v2\/posts\/19340"}],"collection":[{"href":"https:\/\/sabuguinho.com.br\/site\/wp-json\/wp\/v2\/posts"}],"about":[{"href":"https:\/\/sabuguinho.com.br\/site\/wp-json\/wp\/v2\/types\/post"}],"author":[{"embeddable":true,"href":"https:\/\/sabuguinho.com.br\/site\/wp-json\/wp\/v2\/users\/2"}],"replies":[{"embeddable":true,"href":"https:\/\/sabuguinho.com.br\/site\/wp-json\/wp\/v2\/comments?post=19340"}],"version-history":[{"count":1,"href":"https:\/\/sabuguinho.com.br\/site\/wp-json\/wp\/v2\/posts\/19340\/revisions"}],"predecessor-version":[{"id":19342,"href":"https:\/\/sabuguinho.com.br\/site\/wp-json\/wp\/v2\/posts\/19340\/revisions\/19342"}],"wp:featuredmedia":[{"embeddable":true,"href":"https:\/\/sabuguinho.com.br\/site\/wp-json\/wp\/v2\/media\/19341"}],"wp:attachment":[{"href":"https:\/\/sabuguinho.com.br\/site\/wp-json\/wp\/v2\/media?parent=19340"}],"wp:term":[{"taxonomy":"category","embeddable":true,"href":"https:\/\/sabuguinho.com.br\/site\/wp-json\/wp\/v2\/categories?post=19340"},{"taxonomy":"post_tag","embeddable":true,"href":"https:\/\/sabuguinho.com.br\/site\/wp-json\/wp\/v2\/tags?post=19340"}],"curies":[{"name":"wp","href":"https:\/\/api.w.org\/{rel}","templated":true}]}}