{"id":19325,"date":"2025-03-13T16:04:35","date_gmt":"2025-03-13T19:04:35","guid":{"rendered":"https:\/\/sabuguinho.com.br\/site\/?p=19325"},"modified":"2025-03-13T16:04:35","modified_gmt":"2025-03-13T19:04:35","slug":"acidente-entre-carro-e-carreta-bitrem-causa-uma-morte-em-rodovia-de-avare","status":"publish","type":"post","link":"https:\/\/sabuguinho.com.br\/site\/acidente-entre-carro-e-carreta-bitrem-causa-uma-morte-em-rodovia-de-avare\/","title":{"rendered":"Acidente entre carro e carreta bitrem causa uma morte em rodovia de Avar\u00e9"},"content":{"rendered":"<p>Um acidente entre um carro e uma carreta bitrem causou a morte de um homem de 63 anos na noite de quarta-feira (21), no acesso do km 266 da Rodovia Jo\u00e3o Mel\u00e3o (SP-255), em Avar\u00e9 (SP).<br \/>\nSegundo o boletim de ocorr\u00eancia, a Pol\u00edcia Militar foi acionada ap\u00f3s o motorista do carro ficar em estado grave ao acertar a traseira da carreta carregada de frutas. O caminhoneiro permaneceu no local at\u00e9 a chegada da equipe de resgate.<br \/>\nConforme disse \u00e0 pol\u00edcia o motorista do caminh\u00e3o, ele estava fazendo o percurso de acesso \u00e0 rodovia e, ao iniciar a manobra, o carro se aproximou rapidamente, batendo contra a carga da carreta.<br \/>\nO Servi\u00e7o de Atendimento M\u00f3vel de Urg\u00eancia (Samu) foi acionado para prestar socorro, mas Paulo Ant\u00f4nio dos Santos, motorista do carro, morreu no local. A pol\u00edcia n\u00e3o encontrou nenhuma irregularidade nos dois ve\u00edculos.<br \/>\nO caminhoneiro foi encaminhado ao Plant\u00e3o Policial, onde prestou atendimento. O caso foi registrado como homic\u00eddio culposo na dire\u00e7\u00e3o de ve\u00edculo automotor, quando n\u00e3o h\u00e1 a inten\u00e7\u00e3o de matar.<br \/>\nO sepultamento da v\u00edtima estava marcado para a tarde desta quinta-feira, 13, no Cemit\u00e9rio Municipal de Avar\u00e9.<\/p>\n<p>legenda: Carro em alta velocidade atingiu a traseira da carreta durante a noite desta quarta-feira (21) no acesso do km 266 da Rodovia Jo\u00e3o Mel\u00e3o (SP-255).<\/p>\n<p>Fonte da Foto: Adriel Fernandes &#8211; Paulista FM<\/p>\n","protected":false},"excerpt":{"rendered":"<p>Um acidente entre um carro e uma carreta bitrem causou a morte de um homem de 63 anos na noite de quarta-feira (21), no acesso do km 266 da Rodovia Jo\u00e3o Mel\u00e3o (SP-255), em Avar\u00e9 (SP). Segundo o boletim de ocorr\u00eancia, a Pol\u00edcia Militar foi acionada ap\u00f3s o motorista do carro ficar em estado grave [&hellip;]<\/p>\n","protected":false},"author":2,"featured_media":19326,"comment_status":"open","ping_status":"open","sticky":false,"template":"","format":"standard","meta":{"footnotes":""},"categories":[52],"tags":[],"_links":{"self":[{"href":"https:\/\/sabuguinho.com.br\/site\/wp-json\/wp\/v2\/posts\/19325"}],"collection":[{"href":"https:\/\/sabuguinho.com.br\/site\/wp-json\/wp\/v2\/posts"}],"about":[{"href":"https:\/\/sabuguinho.com.br\/site\/wp-json\/wp\/v2\/types\/post"}],"author":[{"embeddable":true,"href":"https:\/\/sabuguinho.com.br\/site\/wp-json\/wp\/v2\/users\/2"}],"replies":[{"embeddable":true,"href":"https:\/\/sabuguinho.com.br\/site\/wp-json\/wp\/v2\/comments?post=19325"}],"version-history":[{"count":1,"href":"https:\/\/sabuguinho.com.br\/site\/wp-json\/wp\/v2\/posts\/19325\/revisions"}],"predecessor-version":[{"id":19327,"href":"https:\/\/sabuguinho.com.br\/site\/wp-json\/wp\/v2\/posts\/19325\/revisions\/19327"}],"wp:featuredmedia":[{"embeddable":true,"href":"https:\/\/sabuguinho.com.br\/site\/wp-json\/wp\/v2\/media\/19326"}],"wp:attachment":[{"href":"https:\/\/sabuguinho.com.br\/site\/wp-json\/wp\/v2\/media?parent=19325"}],"wp:term":[{"taxonomy":"category","embeddable":true,"href":"https:\/\/sabuguinho.com.br\/site\/wp-json\/wp\/v2\/categories?post=19325"},{"taxonomy":"post_tag","embeddable":true,"href":"https:\/\/sabuguinho.com.br\/site\/wp-json\/wp\/v2\/tags?post=19325"}],"curies":[{"name":"wp","href":"https:\/\/api.w.org\/{rel}","templated":true}]}}