{"id":19314,"date":"2025-03-13T13:59:05","date_gmt":"2025-03-13T16:59:05","guid":{"rendered":"https:\/\/sabuguinho.com.br\/site\/?p=19314"},"modified":"2025-03-13T13:59:05","modified_gmt":"2025-03-13T16:59:05","slug":"motorista-morre-apos-colisao-com-carreta-em-estrada-de-avare","status":"publish","type":"post","link":"https:\/\/sabuguinho.com.br\/site\/motorista-morre-apos-colisao-com-carreta-em-estrada-de-avare\/","title":{"rendered":"MOTORISTA MORRE AP\u00d3S COLIS\u00c3O COM CARRETA EM ESTRADA DE AVAR\u00c9"},"content":{"rendered":"<p>Com informa\u00e7\u00f5es da Paulista FM<\/p>\n<p>Um tr\u00e1gico acidente na noite de quarta-feira (12) resultou na morte de um motorista de 63 anos na Estrada Ouro Branco, localizada na Zona Rural de Avar\u00e9. De acordo com informa\u00e7\u00f5es preliminares, o idoso dirigia um ve\u00edculo Sandero quando colidiu com uma carreta que havia acabado de sair de uma fazenda.<br \/>\nSegundo informa\u00e7\u00f5es preliminares, a carreta estava saindo de uma fazenda e, ao acessar a estrada, invadiu a faixa contr\u00e1ria, colidindo com o Sandero que seguia no sentido oposto. O impacto foi violento e o motorista do carro n\u00e3o resistiu aos ferimentos, falecendo no local.<br \/>\nEquipes do Corpo de Bombeiros foram acionadas para remover o corpo do motorista das ferragens do ve\u00edculo. Peritos do Instituto de Criminal\u00edstica tamb\u00e9m compareceram ao local para realizar os procedimentos de praxe e investigar as causas do acidente.<br \/>\nA Pol\u00edcia Militar e outros \u00f3rg\u00e3os competentes est\u00e3o apurando os detalhes do ocorrido. A identidade do motorista falecido ainda n\u00e3o foi divulgada, e a fam\u00edlia deve ser informada antes de qualquer divulga\u00e7\u00e3o.<\/p>\n","protected":false},"excerpt":{"rendered":"<p>Com informa\u00e7\u00f5es da Paulista FM Um tr\u00e1gico acidente na noite de quarta-feira (12) resultou na morte de um motorista de 63 anos na Estrada Ouro Branco, localizada na Zona Rural de Avar\u00e9. De acordo com informa\u00e7\u00f5es preliminares, o idoso dirigia um ve\u00edculo Sandero quando colidiu com uma carreta que havia acabado de sair de uma [&hellip;]<\/p>\n","protected":false},"author":2,"featured_media":19315,"comment_status":"open","ping_status":"open","sticky":false,"template":"","format":"standard","meta":{"footnotes":""},"categories":[52],"tags":[],"_links":{"self":[{"href":"https:\/\/sabuguinho.com.br\/site\/wp-json\/wp\/v2\/posts\/19314"}],"collection":[{"href":"https:\/\/sabuguinho.com.br\/site\/wp-json\/wp\/v2\/posts"}],"about":[{"href":"https:\/\/sabuguinho.com.br\/site\/wp-json\/wp\/v2\/types\/post"}],"author":[{"embeddable":true,"href":"https:\/\/sabuguinho.com.br\/site\/wp-json\/wp\/v2\/users\/2"}],"replies":[{"embeddable":true,"href":"https:\/\/sabuguinho.com.br\/site\/wp-json\/wp\/v2\/comments?post=19314"}],"version-history":[{"count":1,"href":"https:\/\/sabuguinho.com.br\/site\/wp-json\/wp\/v2\/posts\/19314\/revisions"}],"predecessor-version":[{"id":19316,"href":"https:\/\/sabuguinho.com.br\/site\/wp-json\/wp\/v2\/posts\/19314\/revisions\/19316"}],"wp:featuredmedia":[{"embeddable":true,"href":"https:\/\/sabuguinho.com.br\/site\/wp-json\/wp\/v2\/media\/19315"}],"wp:attachment":[{"href":"https:\/\/sabuguinho.com.br\/site\/wp-json\/wp\/v2\/media?parent=19314"}],"wp:term":[{"taxonomy":"category","embeddable":true,"href":"https:\/\/sabuguinho.com.br\/site\/wp-json\/wp\/v2\/categories?post=19314"},{"taxonomy":"post_tag","embeddable":true,"href":"https:\/\/sabuguinho.com.br\/site\/wp-json\/wp\/v2\/tags?post=19314"}],"curies":[{"name":"wp","href":"https:\/\/api.w.org\/{rel}","templated":true}]}}