{"id":19298,"date":"2025-03-12T11:48:31","date_gmt":"2025-03-12T14:48:31","guid":{"rendered":"https:\/\/sabuguinho.com.br\/site\/?p=19298"},"modified":"2025-03-12T11:48:31","modified_gmt":"2025-03-12T14:48:31","slug":"camara-municipal-de-avare-institui-a-carteira-funcional-dos-vereadores","status":"publish","type":"post","link":"https:\/\/sabuguinho.com.br\/site\/camara-municipal-de-avare-institui-a-carteira-funcional-dos-vereadores\/","title":{"rendered":"C\u00e2mara Municipal de Avar\u00e9 institui a Carteira Funcional dos Vereadores"},"content":{"rendered":"<p>O Projeto de Resolu\u00e7\u00e3o de n\u00ba 03\/2025, de autoria da Mesa Diretora da C\u00e2mara Municipal de Avar\u00e9, foi aprovado por unanimidade na quinta sess\u00e3o ordin\u00e1ria do ano realizada na noite de segunda-feira, 10. Com isso fica criada a Carteira Funcional dos Vereadores de Avar\u00e9.<br \/>\nEm sua justificativa, o projeto rege que o documento tem por objetivo formalizar a identidade e a atua\u00e7\u00e3o dos parlamentares em suas fun\u00e7\u00f5es legislativas. \u201cA cria\u00e7\u00e3o da carteira funcional trar\u00e1 maior seguran\u00e7a e transpar\u00eancia ao processo de atua\u00e7\u00e3o do vereador, facilitando o acesso a diversos \u00f3rg\u00e3os e entidades, al\u00e9m de garantir maior controle sobre a utiliza\u00e7\u00e3o dos benef\u00edcios associados \u00e0 fun\u00e7\u00e3o legislativa\u201d, afirma o presidente da C\u00e2mara, vereador Cabo Samuel Paes.<\/p>\n<p>FUNCIONALIDADE<\/p>\n<p>In\u00fameras c\u00e2maras municipais de todo territ\u00f3rio nacional institu\u00edram a carteira funcional de vereador. Para a maioria dos parlamentares que possuem o documento, trata-se da mais prestigiosa forma de apresenta\u00e7\u00e3o do parlamentar municipal enquanto participante da classe pol\u00edtica. Assim estar\u00e1 qualificado de forma nacional, para tr\u00e2nsito nas institui\u00e7\u00f5es de todos os n\u00edveis, em regime de apresenta\u00e7\u00e3o visual similar a de todos seus colegas. (Da Assessoria)<\/p>\n<p>legenda: Documento tem por objetivo formalizar a identidade e a atua\u00e7\u00e3o dos parlamentares em suas fun\u00e7\u00f5es legislativas<\/p>\n<p>Fonte da Foto: Ilustrativa<\/p>\n","protected":false},"excerpt":{"rendered":"<p>O Projeto de Resolu\u00e7\u00e3o de n\u00ba 03\/2025, de autoria da Mesa Diretora da C\u00e2mara Municipal de Avar\u00e9, foi aprovado por unanimidade na quinta sess\u00e3o ordin\u00e1ria do ano realizada na noite de segunda-feira, 10. Com isso fica criada a Carteira Funcional dos Vereadores de Avar\u00e9. Em sua justificativa, o projeto rege que o documento tem por [&hellip;]<\/p>\n","protected":false},"author":2,"featured_media":19299,"comment_status":"open","ping_status":"open","sticky":false,"template":"","format":"standard","meta":{"footnotes":""},"categories":[58],"tags":[],"_links":{"self":[{"href":"https:\/\/sabuguinho.com.br\/site\/wp-json\/wp\/v2\/posts\/19298"}],"collection":[{"href":"https:\/\/sabuguinho.com.br\/site\/wp-json\/wp\/v2\/posts"}],"about":[{"href":"https:\/\/sabuguinho.com.br\/site\/wp-json\/wp\/v2\/types\/post"}],"author":[{"embeddable":true,"href":"https:\/\/sabuguinho.com.br\/site\/wp-json\/wp\/v2\/users\/2"}],"replies":[{"embeddable":true,"href":"https:\/\/sabuguinho.com.br\/site\/wp-json\/wp\/v2\/comments?post=19298"}],"version-history":[{"count":1,"href":"https:\/\/sabuguinho.com.br\/site\/wp-json\/wp\/v2\/posts\/19298\/revisions"}],"predecessor-version":[{"id":19300,"href":"https:\/\/sabuguinho.com.br\/site\/wp-json\/wp\/v2\/posts\/19298\/revisions\/19300"}],"wp:featuredmedia":[{"embeddable":true,"href":"https:\/\/sabuguinho.com.br\/site\/wp-json\/wp\/v2\/media\/19299"}],"wp:attachment":[{"href":"https:\/\/sabuguinho.com.br\/site\/wp-json\/wp\/v2\/media?parent=19298"}],"wp:term":[{"taxonomy":"category","embeddable":true,"href":"https:\/\/sabuguinho.com.br\/site\/wp-json\/wp\/v2\/categories?post=19298"},{"taxonomy":"post_tag","embeddable":true,"href":"https:\/\/sabuguinho.com.br\/site\/wp-json\/wp\/v2\/tags?post=19298"}],"curies":[{"name":"wp","href":"https:\/\/api.w.org\/{rel}","templated":true}]}}