{"id":19295,"date":"2025-03-12T11:44:24","date_gmt":"2025-03-12T14:44:24","guid":{"rendered":"https:\/\/sabuguinho.com.br\/site\/?p=19295"},"modified":"2025-03-12T11:44:24","modified_gmt":"2025-03-12T14:44:24","slug":"associacao-dos-cabos-e-soldados-da-policia-militar-inaugura-nova-sede","status":"publish","type":"post","link":"https:\/\/sabuguinho.com.br\/site\/associacao-dos-cabos-e-soldados-da-policia-militar-inaugura-nova-sede\/","title":{"rendered":"Associa\u00e7\u00e3o dos Cabos e Soldados da Pol\u00edcia Militar inaugura nova sede"},"content":{"rendered":"<p>A Est\u00e2ncia Tur\u00edstica de Avar\u00e9 celebrou uma importante conquista para os profissionais da seguran\u00e7a p\u00fablica com a inaugura\u00e7\u00e3o da nova sede da Associa\u00e7\u00e3o dos Cabos e Soldados da Pol\u00edcia Militar do Estado de S\u00e3o Paulo (ACS).<br \/>\nO espa\u00e7o, que ser\u00e1 um ponto de refer\u00eancia para militares de toda a regi\u00e3o, foi viabilizado gra\u00e7as ao empenho do prefeito Roberto Araujo, que recebeu uma homenagem especial durante a cerim\u00f4nia.<br \/>\nO evento contou com o descerramento da faixa inaugural e reuniu diversas autoridades, incluindo o presidente estadual da ACS, Milton Vieira, e o Cabo Samuel Paes, presidente da C\u00e2mara da Est\u00e2ncia Tur\u00edstica de Avar\u00e9.<br \/>\nTamb\u00e9m participaram o presidente da Guarda Municipal de Botucatu e representantes das for\u00e7as de seguran\u00e7a.<br \/>\nA nova sede, localizada na conflu\u00eancia entre a Avenida Espanha e a Rua Antonieta Paulucci, no Bairro Camargo, oferecer\u00e1 uma estrutura completa para atender cabos e soldados de toda a regi\u00e3o. Entre os servi\u00e7os dispon\u00edveis, haver\u00e1 assessoria jur\u00eddica, um sal\u00e3o de autocuidados e espa\u00e7os dedicados ao bem-estar dos profissionais e seus familiares.<br \/>\nPara o prefeito Roberto Araujo, a conquista representa um avan\u00e7o significativo para a valoriza\u00e7\u00e3o da seguran\u00e7a p\u00fablica. &#8220;Sabemos da import\u00e2ncia desse espa\u00e7o para os nossos militares.<br \/>\nA nova sede da ACS proporcionar\u00e1 suporte jur\u00eddico, social e assistencial, garantindo mais dignidade \u00e0queles que dedicam suas vidas \u00e0 prote\u00e7\u00e3o da popula\u00e7\u00e3o&#8221;, destacou.<br \/>\nA instala\u00e7\u00e3o da sede regional da ACS fortalece n\u00e3o apenas o v\u00ednculo da associa\u00e7\u00e3o com os militares, mas tamb\u00e9m contribui para o desenvolvimento social e econ\u00f4mico de Avar\u00e9 e das cidades vizinhas.<br \/>\nO espa\u00e7o ser\u00e1 fundamental para garantir suporte e melhores condi\u00e7\u00f5es de trabalho aos profissionais que atuam diariamente na seguran\u00e7a da comunidade.<\/p>\n<p>:<br \/>\nlegenda: Espa\u00e7o atender\u00e1 profissionais da seguran\u00e7a de toda a regi\u00e3o e oferecer\u00e1 suporte jur\u00eddico, social e de bem-estar<\/p>\n<p>Fonte da Foto: Assessoria<\/p>\n","protected":false},"excerpt":{"rendered":"<p>A Est\u00e2ncia Tur\u00edstica de Avar\u00e9 celebrou uma importante conquista para os profissionais da seguran\u00e7a p\u00fablica com a inaugura\u00e7\u00e3o da nova sede da Associa\u00e7\u00e3o dos Cabos e Soldados da Pol\u00edcia Militar do Estado de S\u00e3o Paulo (ACS). O espa\u00e7o, que ser\u00e1 um ponto de refer\u00eancia para militares de toda a regi\u00e3o, foi viabilizado gra\u00e7as ao empenho [&hellip;]<\/p>\n","protected":false},"author":2,"featured_media":19296,"comment_status":"open","ping_status":"open","sticky":false,"template":"","format":"standard","meta":{"footnotes":""},"categories":[56],"tags":[],"_links":{"self":[{"href":"https:\/\/sabuguinho.com.br\/site\/wp-json\/wp\/v2\/posts\/19295"}],"collection":[{"href":"https:\/\/sabuguinho.com.br\/site\/wp-json\/wp\/v2\/posts"}],"about":[{"href":"https:\/\/sabuguinho.com.br\/site\/wp-json\/wp\/v2\/types\/post"}],"author":[{"embeddable":true,"href":"https:\/\/sabuguinho.com.br\/site\/wp-json\/wp\/v2\/users\/2"}],"replies":[{"embeddable":true,"href":"https:\/\/sabuguinho.com.br\/site\/wp-json\/wp\/v2\/comments?post=19295"}],"version-history":[{"count":1,"href":"https:\/\/sabuguinho.com.br\/site\/wp-json\/wp\/v2\/posts\/19295\/revisions"}],"predecessor-version":[{"id":19297,"href":"https:\/\/sabuguinho.com.br\/site\/wp-json\/wp\/v2\/posts\/19295\/revisions\/19297"}],"wp:featuredmedia":[{"embeddable":true,"href":"https:\/\/sabuguinho.com.br\/site\/wp-json\/wp\/v2\/media\/19296"}],"wp:attachment":[{"href":"https:\/\/sabuguinho.com.br\/site\/wp-json\/wp\/v2\/media?parent=19295"}],"wp:term":[{"taxonomy":"category","embeddable":true,"href":"https:\/\/sabuguinho.com.br\/site\/wp-json\/wp\/v2\/categories?post=19295"},{"taxonomy":"post_tag","embeddable":true,"href":"https:\/\/sabuguinho.com.br\/site\/wp-json\/wp\/v2\/tags?post=19295"}],"curies":[{"name":"wp","href":"https:\/\/api.w.org\/{rel}","templated":true}]}}