{"id":19290,"date":"2025-03-12T11:41:00","date_gmt":"2025-03-12T14:41:00","guid":{"rendered":"https:\/\/sabuguinho.com.br\/site\/?p=19290"},"modified":"2025-03-12T11:41:00","modified_gmt":"2025-03-12T14:41:00","slug":"carreta-carregada-com-quase-600-quilos-cocaina-e-apreendida-em-avare","status":"publish","type":"post","link":"https:\/\/sabuguinho.com.br\/site\/carreta-carregada-com-quase-600-quilos-cocaina-e-apreendida-em-avare\/","title":{"rendered":"Carreta carregada com quase 600 quilos coca\u00edna \u00e9 apreendida em Avar\u00e9"},"content":{"rendered":"<p>Uma carreta carregada com coca\u00edna foi apreendida no in\u00edcio da tarde de ter\u00e7a-feira (11), no trevo entre a Rodovia Castello Branco (SP-280) e Rodovia Jo\u00e3o Mel\u00e3o (SP-255) em Avar\u00e9 (SP). Os quase 600 quilos da droga estavam escondidos em um fundo falso. O motorista foi preso.<br \/>\nSegundo o boletim de ocorr\u00eancia, a Pol\u00edcia Rodovi\u00e1ria Federal estava em patrulhamento e receberam informa\u00e7\u00f5es sobre um caminh\u00e3o suspeito de transportar il\u00edcitos. Ao seguir o ve\u00edculo e abord\u00e1-lo, os policiais inicialmente n\u00e3o encontraram irregularidades, mas ao investigar com mais cuidado, perceberam uma diferen\u00e7a de espessura na parede lateral do semirreboque. Os policiais encontraram um compartimento secreto com pacotes de entorpecentes, aparentemente coca\u00edna.<br \/>\nO motorista do caminh\u00e3o, ao ser questionado, admitiu saber da presen\u00e7a da droga, mas afirmou desconhecer a quantidade exata e a origem e destino da subst\u00e2ncia.<br \/>\nA ocorr\u00eancia foi no Plant\u00e3o Policial de Avar\u00e9, ao todo foram apreendidos centenas de tijolos de coca\u00edna pesando 590.058 quilos. O motorista deve <\/p>\n<p>legenda: Apreens\u00e3o foi realizada no in\u00edcio da tarde de ter\u00e7a-feira (11) pela Pol\u00edcia Rodovi\u00e1ria Federal e a ocorr\u00eancia foi apresentada no Plant\u00e3o Policial. O motorista foi preso.<\/p>\n<p>Fonte da Foto: Imagem cedida\/Adriel Fernandes &#8211; Paulista FM<\/p>\n","protected":false},"excerpt":{"rendered":"<p>Uma carreta carregada com coca\u00edna foi apreendida no in\u00edcio da tarde de ter\u00e7a-feira (11), no trevo entre a Rodovia Castello Branco (SP-280) e Rodovia Jo\u00e3o Mel\u00e3o (SP-255) em Avar\u00e9 (SP). Os quase 600 quilos da droga estavam escondidos em um fundo falso. O motorista foi preso. Segundo o boletim de ocorr\u00eancia, a Pol\u00edcia Rodovi\u00e1ria Federal [&hellip;]<\/p>\n","protected":false},"author":2,"featured_media":19293,"comment_status":"open","ping_status":"open","sticky":false,"template":"","format":"standard","meta":{"footnotes":""},"categories":[52],"tags":[],"_links":{"self":[{"href":"https:\/\/sabuguinho.com.br\/site\/wp-json\/wp\/v2\/posts\/19290"}],"collection":[{"href":"https:\/\/sabuguinho.com.br\/site\/wp-json\/wp\/v2\/posts"}],"about":[{"href":"https:\/\/sabuguinho.com.br\/site\/wp-json\/wp\/v2\/types\/post"}],"author":[{"embeddable":true,"href":"https:\/\/sabuguinho.com.br\/site\/wp-json\/wp\/v2\/users\/2"}],"replies":[{"embeddable":true,"href":"https:\/\/sabuguinho.com.br\/site\/wp-json\/wp\/v2\/comments?post=19290"}],"version-history":[{"count":1,"href":"https:\/\/sabuguinho.com.br\/site\/wp-json\/wp\/v2\/posts\/19290\/revisions"}],"predecessor-version":[{"id":19294,"href":"https:\/\/sabuguinho.com.br\/site\/wp-json\/wp\/v2\/posts\/19290\/revisions\/19294"}],"wp:featuredmedia":[{"embeddable":true,"href":"https:\/\/sabuguinho.com.br\/site\/wp-json\/wp\/v2\/media\/19293"}],"wp:attachment":[{"href":"https:\/\/sabuguinho.com.br\/site\/wp-json\/wp\/v2\/media?parent=19290"}],"wp:term":[{"taxonomy":"category","embeddable":true,"href":"https:\/\/sabuguinho.com.br\/site\/wp-json\/wp\/v2\/categories?post=19290"},{"taxonomy":"post_tag","embeddable":true,"href":"https:\/\/sabuguinho.com.br\/site\/wp-json\/wp\/v2\/tags?post=19290"}],"curies":[{"name":"wp","href":"https:\/\/api.w.org\/{rel}","templated":true}]}}