{"id":1724,"date":"2023-12-18T12:45:25","date_gmt":"2023-12-18T15:45:25","guid":{"rendered":"https:\/\/sabuguinho.com.br\/site\/?p=1724"},"modified":"2023-12-18T12:45:25","modified_gmt":"2023-12-18T15:45:25","slug":"policia-de-sp-investiga-desaparecimento-de-marcelinho-carioca","status":"publish","type":"post","link":"https:\/\/sabuguinho.com.br\/site\/policia-de-sp-investiga-desaparecimento-de-marcelinho-carioca\/","title":{"rendered":"Pol\u00edcia de SP investiga desaparecimento de Marcelinho Carioca"},"content":{"rendered":"<p>Ex-jogador de futebol n\u00e3o \u00e9 visto desde domingo (17), quando foi de carro para uma festa em Itaquera, Zona Leste da capital paulista. Segundo policiais, Marcelinho sumiu e seu carro foi encontrado em Itaquaquecetuba. Entre as hip\u00f3teses investigadas para o seu desaparecimento est\u00e1 a de sequestro.<\/p>\n<p>Por Kleber Tomaz, Rubens Santos, g1 SP e TV Di\u00e1rio \u2014 S\u00e3o Paulo<\/p>\n<p>A pol\u00edcia de S\u00e3o Paulo investiga o desaparecimento de Marcelinho Carioca. Fontes ouvidas pelo g1 e pela TV Di\u00e1rio informaram que o ex-jogador de futebol n\u00e3o \u00e9 visto desde domingo (17), quando foi de carro para uma festa em Itaquera, Zona Leste da capital paulista.<br \/>\nSegundo policiais ouvidos pela reportagem, Marcelinho sumiu e seu carro foi encontrado abandonado em Itaquaquecetuba, na regi\u00e3o metropolitana de S\u00e3o Paulo.<br \/>\nDois homens que estavam perto do ve\u00edculo foram presos pela Pol\u00edcia Militar (PM) por suspeita de envolvimento no desparecimento do ex-jogador. O ve\u00edculo dever\u00e1 ser levado para a delegacia de Itaquaquecetuba. Os dois suspeitos seguir\u00e3o para o 50\u00ba Distrito Policial (DP), Itaim Paulista, na Zona Leste de S\u00e3o Paulo.<br \/>\nCarro do ex-jogador foi encontrado na Regi\u00e3o Metropolitana de SP e levado para a delegacia \u2014 Foto: Divulga\u00e7\u00e3o<br \/>\nCarro do ex-jogador foi encontrado na Regi\u00e3o Metropolitana de SP e levado para a delegacia \u2014 Foto: Divulga\u00e7\u00e3o<br \/>\nAl\u00e9m das delegacias da capital paulista, outras unidades policiais foram acionadas por causa do sumi\u00e7o do ex-atleta, entre elas a Divis\u00e3o Antissequestro (DAS). Entre as hip\u00f3teses investigadas para o seu desaparecimento est\u00e1 a de sequestro.<br \/>\nPoliciais civis e militares tamb\u00e9m foram mobilizados para ajudar na busca por pistas do poss\u00edvel paradeiro de Marcelinho.<br \/>\nMarcelinho Carioca em imagem de junho de 2010 \u2014 Foto: Ayrton Vignola\/Estad\u00e3o Conte\u00fado\/Arquivo<br \/>\nMarcelinho Carioca em imagem de junho de 2010 \u2014 Foto: Ayrton Vignola\/Estad\u00e3o Conte\u00fado\/Arquivo<br \/>\nProcurada pela reportagem para comentar o assunto, a Secretaria da Seguran\u00e7a P\u00fablica (SSP) informou que o caso ser\u00e1 registrado como &#8220;desaparecimento de pessoa e localiza\u00e7\u00e3o de ve\u00edculo&#8221;.<br \/>\n&#8220;A Secretaria da Seguran\u00e7a P\u00fablica informa que um ve\u00edculo foi localizado abandonado na regi\u00e3o de Itaquaquecetuba. Um boletim de ocorr\u00eancia est\u00e1 sendo registrado como desaparecimento de pessoa e localiza\u00e7\u00e3o de ve\u00edculo na Delegacia Seccional de Mogi das Cruzes. O Sistema de Identifica\u00e7\u00e3o Automatizada de Impress\u00f5es Digitais foi acionado para apurar as circunst\u00e2ncias e identificar os envolvidos&#8221;, informa o comunicado da pasta da Seguran\u00e7a.<br \/>\nMarcelinho Carioca se consagrou no futebol jogando pelo Flamengo, no Rio de Janeiro, e pelo Corinthians, em S\u00e3o Paulo. Al\u00e9m desses clubes, ele passou por outras equipes. Depois de se aposentar, ele se tornou comentarista esportivo e seguiu a vida pol\u00edtica. At\u00e9 janeiro deste ano, exercia o cargo de secret\u00e1rio de Esporte e Lazer de Itaquaquecetuba.<\/p>\n<p><img loading=\"lazy\" decoding=\"async\" src=\"https:\/\/sabuguinho.com.br\/site\/wp-content\/uploads\/2023\/12\/age20100627057.152401-150x137.jpg\" alt=\"\" width=\"150\" height=\"137\" class=\"alignnone size-medium wp-image-1725\" srcset=\"https:\/\/sabuguinho.com.br\/site\/wp-content\/uploads\/2023\/12\/age20100627057.152401-150x137.jpg 150w, https:\/\/sabuguinho.com.br\/site\/wp-content\/uploads\/2023\/12\/age20100627057.152401-512x467.jpg 512w, https:\/\/sabuguinho.com.br\/site\/wp-content\/uploads\/2023\/12\/age20100627057.152401.jpg 600w\" sizes=\"auto, (max-width: 150px) 100vw, 150px\" \/><\/p>\n<p>Legenda <\/p>\n<p>Marcelinho Carioca em imagem de junho de 2010 \u2014 Foto: Ayrton Vignola\/Estad\u00e3o Conte\u00fado\/Arquivo<\/p>\n<p><img loading=\"lazy\" decoding=\"async\" src=\"https:\/\/sabuguinho.com.br\/site\/wp-content\/uploads\/2023\/12\/carro-marcelinho-150x113.jpg\" alt=\"\" width=\"150\" height=\"113\" class=\"alignnone size-medium wp-image-1726\" srcset=\"https:\/\/sabuguinho.com.br\/site\/wp-content\/uploads\/2023\/12\/carro-marcelinho-150x113.jpg 150w, https:\/\/sabuguinho.com.br\/site\/wp-content\/uploads\/2023\/12\/carro-marcelinho-512x384.jpg 512w, https:\/\/sabuguinho.com.br\/site\/wp-content\/uploads\/2023\/12\/carro-marcelinho.jpg 600w\" sizes=\"auto, (max-width: 150px) 100vw, 150px\" \/><\/p>\n<p>Legenda 2<br \/>\nCarro do ex-jogador foi encontrado na Regi\u00e3o Metropolitana de SP e levado para a delegacia \u2014 Foto: Divulga\u00e7\u00e3o<\/p>\n","protected":false},"excerpt":{"rendered":"<p>Ex-jogador de futebol n\u00e3o \u00e9 visto desde domingo (17), quando foi de carro para uma festa em Itaquera, Zona Leste da capital paulista. Segundo policiais, Marcelinho sumiu e seu carro foi encontrado em Itaquaquecetuba. Entre as hip\u00f3teses investigadas para o seu desaparecimento est\u00e1 a de sequestro. Por Kleber Tomaz, Rubens Santos, g1 SP e TV [&hellip;]<\/p>\n","protected":false},"author":2,"featured_media":1727,"comment_status":"open","ping_status":"open","sticky":false,"template":"","format":"standard","meta":{"footnotes":""},"categories":[45,52],"tags":[],"class_list":["post-1724","post","type-post","status-publish","format-standard","has-post-thumbnail","hentry","category-esportes","category-policiais"],"_links":{"self":[{"href":"https:\/\/sabuguinho.com.br\/site\/wp-json\/wp\/v2\/posts\/1724","targetHints":{"allow":["GET"]}}],"collection":[{"href":"https:\/\/sabuguinho.com.br\/site\/wp-json\/wp\/v2\/posts"}],"about":[{"href":"https:\/\/sabuguinho.com.br\/site\/wp-json\/wp\/v2\/types\/post"}],"author":[{"embeddable":true,"href":"https:\/\/sabuguinho.com.br\/site\/wp-json\/wp\/v2\/users\/2"}],"replies":[{"embeddable":true,"href":"https:\/\/sabuguinho.com.br\/site\/wp-json\/wp\/v2\/comments?post=1724"}],"version-history":[{"count":1,"href":"https:\/\/sabuguinho.com.br\/site\/wp-json\/wp\/v2\/posts\/1724\/revisions"}],"predecessor-version":[{"id":1728,"href":"https:\/\/sabuguinho.com.br\/site\/wp-json\/wp\/v2\/posts\/1724\/revisions\/1728"}],"wp:featuredmedia":[{"embeddable":true,"href":"https:\/\/sabuguinho.com.br\/site\/wp-json\/wp\/v2\/media\/1727"}],"wp:attachment":[{"href":"https:\/\/sabuguinho.com.br\/site\/wp-json\/wp\/v2\/media?parent=1724"}],"wp:term":[{"taxonomy":"category","embeddable":true,"href":"https:\/\/sabuguinho.com.br\/site\/wp-json\/wp\/v2\/categories?post=1724"},{"taxonomy":"post_tag","embeddable":true,"href":"https:\/\/sabuguinho.com.br\/site\/wp-json\/wp\/v2\/tags?post=1724"}],"curies":[{"name":"wp","href":"https:\/\/api.w.org\/{rel}","templated":true}]}}